
{"id":21330,"date":"2017-12-06T00:00:00","date_gmt":"2017-12-05T23:00:00","guid":{"rendered":"https:\/\/przedszkole61.edu.wroclaw.pl\/index.php\/2013\/12\/09\/wizyta-swietego-mikolaja\/"},"modified":"2021-04-02T13:32:58","modified_gmt":"2021-04-02T11:32:58","slug":"wizyta-swietego-mikolaja-5","status":"publish","type":"post","link":"https:\/\/przedszkole61.edu.wroclaw.pl\/index.php\/2017\/12\/06\/wizyta-swietego-mikolaja-5\/","title":{"rendered":"Wizyta \u015awi\u0119tego Miko\u0142aja"},"content":{"rendered":"<p><strong>6 grudnia 2017<\/strong> z workiem pe\u0142nym prezent\u00f3w, przyjecha\u0142 do naszego przedszkola \u015bwi\u0119ty Miko\u0142aj ze swoim pomocnikiem Elfem. <!--more-->\u015awi\u0119ty Miko\u0142aj rozmawia\u0142 z dzie\u0107mi, wys\u0142ucha\u0142 wielu piosenek i wierszy przygotowanych specjalnie dla niego. Najwa\u017cniejszym jednak i d\u0142ugo oczekiwanym momentem spotkania ze \u015bwi\u0119tym Miko\u0142ajem by\u0142o odebranie wymarzonych prezent\u00f3w. Dzi\u0119kujemy \u015bwi\u0119ty Miko\u0142aju! Do zobaczenia za rok &#8211; ho, ho, ho!<\/p>\n\n","protected":false},"excerpt":{"rendered":"<p>6 grudnia 2017 z workiem pe\u0142nym prezent\u00f3w, przyjecha\u0142 do naszego przedszkola \u015bwi\u0119ty Miko\u0142aj ze swoim pomocnikiem Elfem.<\/p>\n","protected":false},"author":186,"featured_media":22719,"comment_status":"closed","ping_status":"open","sticky":false,"template":"","format":"standard","meta":{"ngg_post_thumbnail":0,"footnotes":""},"categories":[8],"tags":[],"class_list":["post-21330","post","type-post","status-publish","format-standard","has-post-thumbnail","hentry","category-wydarzenia","clearfix"],"_links":{"self":[{"href":"https:\/\/przedszkole61.edu.wroclaw.pl\/index.php\/wp-json\/wp\/v2\/posts\/21330","targetHints":{"allow":["GET"]}}],"collection":[{"href":"https:\/\/przedszkole61.edu.wroclaw.pl\/index.php\/wp-json\/wp\/v2\/posts"}],"about":[{"href":"https:\/\/przedszkole61.edu.wroclaw.pl\/index.php\/wp-json\/wp\/v2\/types\/post"}],"author":[{"embeddable":true,"href":"https:\/\/przedszkole61.edu.wroclaw.pl\/index.php\/wp-json\/wp\/v2\/users\/186"}],"replies":[{"embeddable":true,"href":"https:\/\/przedszkole61.edu.wroclaw.pl\/index.php\/wp-json\/wp\/v2\/comments?post=21330"}],"version-history":[{"count":9,"href":"https:\/\/przedszkole61.edu.wroclaw.pl\/index.php\/wp-json\/wp\/v2\/posts\/21330\/revisions"}],"predecessor-version":[{"id":24843,"href":"https:\/\/przedszkole61.edu.wroclaw.pl\/index.php\/wp-json\/wp\/v2\/posts\/21330\/revisions\/24843"}],"wp:featuredmedia":[{"embeddable":true,"href":"https:\/\/przedszkole61.edu.wroclaw.pl\/index.php\/wp-json\/wp\/v2\/media\/22719"}],"wp:attachment":[{"href":"https:\/\/przedszkole61.edu.wroclaw.pl\/index.php\/wp-json\/wp\/v2\/media?parent=21330"}],"wp:term":[{"taxonomy":"category","embeddable":true,"href":"https:\/\/przedszkole61.edu.wroclaw.pl\/index.php\/wp-json\/wp\/v2\/categories?post=21330"},{"taxonomy":"post_tag","embeddable":true,"href":"https:\/\/przedszkole61.edu.wroclaw.pl\/index.php\/wp-json\/wp\/v2\/tags?post=21330"}],"curies":[{"name":"wp","href":"https:\/\/api.w.org\/{rel}","templated":true}]}}