
{"id":21345,"date":"2016-12-20T00:00:00","date_gmt":"2016-12-19T23:00:00","guid":{"rendered":"https:\/\/przedszkole61.edu.wroclaw.pl\/index.php\/2013\/12\/18\/wigilia-w-przedszkolu\/"},"modified":"2021-04-02T13:32:53","modified_gmt":"2021-04-02T11:32:53","slug":"wigilia-w-przedszkolu-4","status":"publish","type":"post","link":"https:\/\/przedszkole61.edu.wroclaw.pl\/index.php\/2016\/12\/20\/wigilia-w-przedszkolu-4\/","title":{"rendered":"Wigilia w przedszkolu"},"content":{"rendered":"<p><strong><em>&#8222;Pewnej nocy nad Betlejem zaja\u015bnia\u0142a gwiazda &#8230;&#8221;<\/em> <\/strong><\/p>\n<p><strong><\/strong><strong>20 grudnia 2016<\/strong> z okazji nadchodz\u0105cych \u015awi\u0105t Bo\u017cego Narodzenia odby\u0142a si\u0119 uroczysta wigilia dla dzieci i pracownik\u00f3w przedszkola.<!--more--> By\u0142y \u017cyczenia, dzielenie si\u0119 op\u0142atkiem, kol\u0119dy oraz \u201eJase\u0142ka\u201d w wykonaniu dzieci z grupy V. W salach czeka\u0142 na wszystkich wigilijny przysmak \u2013 barszczyk z uszkami. <strong>Weso\u0142ych \u015awi\u0105t!<\/strong><\/p>\n\n","protected":false},"excerpt":{"rendered":"<p>&#8222;Pewnej nocy nad Betlejem zaja\u015bnia\u0142a gwiazda &#8230;&#8221; 20 grudnia 2016 z okazji nadchodz\u0105cych \u015awi\u0105t Bo\u017cego Narodzenia odby\u0142a si\u0119 uroczysta wigilia dla dzieci i pracownik\u00f3w przedszkola.<\/p>\n","protected":false},"author":186,"featured_media":22361,"comment_status":"closed","ping_status":"open","sticky":false,"template":"","format":"standard","meta":{"ngg_post_thumbnail":0,"footnotes":""},"categories":[8],"tags":[],"class_list":["post-21345","post","type-post","status-publish","format-standard","has-post-thumbnail","hentry","category-wydarzenia","clearfix"],"_links":{"self":[{"href":"https:\/\/przedszkole61.edu.wroclaw.pl\/index.php\/wp-json\/wp\/v2\/posts\/21345","targetHints":{"allow":["GET"]}}],"collection":[{"href":"https:\/\/przedszkole61.edu.wroclaw.pl\/index.php\/wp-json\/wp\/v2\/posts"}],"about":[{"href":"https:\/\/przedszkole61.edu.wroclaw.pl\/index.php\/wp-json\/wp\/v2\/types\/post"}],"author":[{"embeddable":true,"href":"https:\/\/przedszkole61.edu.wroclaw.pl\/index.php\/wp-json\/wp\/v2\/users\/186"}],"replies":[{"embeddable":true,"href":"https:\/\/przedszkole61.edu.wroclaw.pl\/index.php\/wp-json\/wp\/v2\/comments?post=21345"}],"version-history":[{"count":7,"href":"https:\/\/przedszkole61.edu.wroclaw.pl\/index.php\/wp-json\/wp\/v2\/posts\/21345\/revisions"}],"predecessor-version":[{"id":24781,"href":"https:\/\/przedszkole61.edu.wroclaw.pl\/index.php\/wp-json\/wp\/v2\/posts\/21345\/revisions\/24781"}],"wp:featuredmedia":[{"embeddable":true,"href":"https:\/\/przedszkole61.edu.wroclaw.pl\/index.php\/wp-json\/wp\/v2\/media\/22361"}],"wp:attachment":[{"href":"https:\/\/przedszkole61.edu.wroclaw.pl\/index.php\/wp-json\/wp\/v2\/media?parent=21345"}],"wp:term":[{"taxonomy":"category","embeddable":true,"href":"https:\/\/przedszkole61.edu.wroclaw.pl\/index.php\/wp-json\/wp\/v2\/categories?post=21345"},{"taxonomy":"post_tag","embeddable":true,"href":"https:\/\/przedszkole61.edu.wroclaw.pl\/index.php\/wp-json\/wp\/v2\/tags?post=21345"}],"curies":[{"name":"wp","href":"https:\/\/api.w.org\/{rel}","templated":true}]}}