
{"id":21511,"date":"2019-05-31T00:00:00","date_gmt":"2019-05-30T22:00:00","guid":{"rendered":"https:\/\/przedszkole61.edu.wroclaw.pl\/index.php\/2014\/06\/02\/dzien-dziecka\/"},"modified":"2021-04-02T13:33:13","modified_gmt":"2021-04-02T11:33:13","slug":"dzien-dziecka-5","status":"publish","type":"post","link":"https:\/\/przedszkole61.edu.wroclaw.pl\/index.php\/2019\/05\/31\/dzien-dziecka-5\/","title":{"rendered":"Dzie\u0144 Dziecka"},"content":{"rendered":"<p><strong>31 maja 2019 &#8222;Gajowickie Skrzaty&#8221; <\/strong>\u015bwi\u0119towa\u0142y Dzie\u0144 Dziecka. Weso\u0142y Klaun porwa\u0142 dzieci w wir szalonej zabawy! By\u0142y: ta\u0144ce, pokazy sztuki cyrkowej, ogromne ba\u0144ki mydlane, zabawy z kolorow\u0105 chust\u0105 animacyjn\u0105, balonowe zoo \u2026 <!--more-->By\u0142o g\u0142o\u015bno! By\u0142o rado\u015bnie! <strong>Wszystkiego najlepszego kochane dzieciaki &#8211; od \u015bwi\u0119ta i na co dzie\u0144!<\/strong><\/p>\n\n<p>\u00a0<\/p>\n","protected":false},"excerpt":{"rendered":"<p>31 maja 2019 &#8222;Gajowickie Skrzaty&#8221; \u015bwi\u0119towa\u0142y Dzie\u0144 Dziecka. Weso\u0142y Klaun porwa\u0142 dzieci w wir szalonej zabawy! By\u0142y: ta\u0144ce, pokazy sztuki cyrkowej, ogromne ba\u0144ki mydlane, zabawy z kolorow\u0105 chust\u0105 animacyjn\u0105, balonowe [&hellip;]<\/p>\n","protected":false},"author":186,"featured_media":23475,"comment_status":"closed","ping_status":"open","sticky":false,"template":"","format":"standard","meta":{"ngg_post_thumbnail":0,"footnotes":""},"categories":[8],"tags":[],"class_list":["post-21511","post","type-post","status-publish","format-standard","has-post-thumbnail","hentry","category-wydarzenia","clearfix"],"_links":{"self":[{"href":"https:\/\/przedszkole61.edu.wroclaw.pl\/index.php\/wp-json\/wp\/v2\/posts\/21511","targetHints":{"allow":["GET"]}}],"collection":[{"href":"https:\/\/przedszkole61.edu.wroclaw.pl\/index.php\/wp-json\/wp\/v2\/posts"}],"about":[{"href":"https:\/\/przedszkole61.edu.wroclaw.pl\/index.php\/wp-json\/wp\/v2\/types\/post"}],"author":[{"embeddable":true,"href":"https:\/\/przedszkole61.edu.wroclaw.pl\/index.php\/wp-json\/wp\/v2\/users\/186"}],"replies":[{"embeddable":true,"href":"https:\/\/przedszkole61.edu.wroclaw.pl\/index.php\/wp-json\/wp\/v2\/comments?post=21511"}],"version-history":[{"count":7,"href":"https:\/\/przedszkole61.edu.wroclaw.pl\/index.php\/wp-json\/wp\/v2\/posts\/21511\/revisions"}],"predecessor-version":[{"id":24969,"href":"https:\/\/przedszkole61.edu.wroclaw.pl\/index.php\/wp-json\/wp\/v2\/posts\/21511\/revisions\/24969"}],"wp:featuredmedia":[{"embeddable":true,"href":"https:\/\/przedszkole61.edu.wroclaw.pl\/index.php\/wp-json\/wp\/v2\/media\/23475"}],"wp:attachment":[{"href":"https:\/\/przedszkole61.edu.wroclaw.pl\/index.php\/wp-json\/wp\/v2\/media?parent=21511"}],"wp:term":[{"taxonomy":"category","embeddable":true,"href":"https:\/\/przedszkole61.edu.wroclaw.pl\/index.php\/wp-json\/wp\/v2\/categories?post=21511"},{"taxonomy":"post_tag","embeddable":true,"href":"https:\/\/przedszkole61.edu.wroclaw.pl\/index.php\/wp-json\/wp\/v2\/tags?post=21511"}],"curies":[{"name":"wp","href":"https:\/\/api.w.org\/{rel}","templated":true}]}}