
{"id":21515,"date":"2018-06-07T00:00:00","date_gmt":"2018-06-06T22:00:00","guid":{"rendered":"https:\/\/przedszkole61.edu.wroclaw.pl\/index.php\/2014\/06\/05\/swieto-mamy-i-taty\/"},"modified":"2021-04-02T13:33:04","modified_gmt":"2021-04-02T11:33:04","slug":"swieto-mamy-i-taty-4","status":"publish","type":"post","link":"https:\/\/przedszkole61.edu.wroclaw.pl\/index.php\/2018\/06\/07\/swieto-mamy-i-taty-4\/","title":{"rendered":"\u015awi\u0119to Mamy i Taty"},"content":{"rendered":"<p><strong>\u201eU\u015bmiech, oczy, z\u0142ote w\u0142osy \u2026 Mam\u0119 \u0142atwo narysowa\u0107! \u017beby jej nie by\u0142o smutno, musz\u0119 mamie kogo\u015b doda\u0107! Mama z lodami, mama z kanapk\u0105, lecz najpi\u0119kniejsza jest mama z tat\u0105!\u201d<!--more--><\/strong><\/p>\n<p>W maju i czerwcu odby\u0142y si\u0119 w naszym przedszkolu uroczysto\u015bci z okazji \u015awi\u0119ta Mamy i Taty. <strong>Rodzicom \u017cyczymy wszystkiego co najlepsze oraz du\u017co niezapomnianych chwil ze swoimi dzie\u0107mi!<\/strong><\/p>\n<p>\u00a0<\/p>\n","protected":false},"excerpt":{"rendered":"<p>\u201eU\u015bmiech, oczy, z\u0142ote w\u0142osy \u2026 Mam\u0119 \u0142atwo narysowa\u0107! \u017beby jej nie by\u0142o smutno, musz\u0119 mamie kogo\u015b doda\u0107! Mama z lodami, mama z kanapk\u0105, lecz najpi\u0119kniejsza jest mama z tat\u0105!\u201d<\/p>\n","protected":false},"author":186,"featured_media":22948,"comment_status":"closed","ping_status":"open","sticky":false,"template":"","format":"standard","meta":{"ngg_post_thumbnail":0,"footnotes":""},"categories":[8],"tags":[],"class_list":["post-21515","post","type-post","status-publish","format-standard","has-post-thumbnail","hentry","category-wydarzenia","clearfix"],"_links":{"self":[{"href":"https:\/\/przedszkole61.edu.wroclaw.pl\/index.php\/wp-json\/wp\/v2\/posts\/21515","targetHints":{"allow":["GET"]}}],"collection":[{"href":"https:\/\/przedszkole61.edu.wroclaw.pl\/index.php\/wp-json\/wp\/v2\/posts"}],"about":[{"href":"https:\/\/przedszkole61.edu.wroclaw.pl\/index.php\/wp-json\/wp\/v2\/types\/post"}],"author":[{"embeddable":true,"href":"https:\/\/przedszkole61.edu.wroclaw.pl\/index.php\/wp-json\/wp\/v2\/users\/186"}],"replies":[{"embeddable":true,"href":"https:\/\/przedszkole61.edu.wroclaw.pl\/index.php\/wp-json\/wp\/v2\/comments?post=21515"}],"version-history":[{"count":5,"href":"https:\/\/przedszkole61.edu.wroclaw.pl\/index.php\/wp-json\/wp\/v2\/posts\/21515\/revisions"}],"predecessor-version":[{"id":24887,"href":"https:\/\/przedszkole61.edu.wroclaw.pl\/index.php\/wp-json\/wp\/v2\/posts\/21515\/revisions\/24887"}],"wp:featuredmedia":[{"embeddable":true,"href":"https:\/\/przedszkole61.edu.wroclaw.pl\/index.php\/wp-json\/wp\/v2\/media\/22948"}],"wp:attachment":[{"href":"https:\/\/przedszkole61.edu.wroclaw.pl\/index.php\/wp-json\/wp\/v2\/media?parent=21515"}],"wp:term":[{"taxonomy":"category","embeddable":true,"href":"https:\/\/przedszkole61.edu.wroclaw.pl\/index.php\/wp-json\/wp\/v2\/categories?post=21515"},{"taxonomy":"post_tag","embeddable":true,"href":"https:\/\/przedszkole61.edu.wroclaw.pl\/index.php\/wp-json\/wp\/v2\/tags?post=21515"}],"curies":[{"name":"wp","href":"https:\/\/api.w.org\/{rel}","templated":true}]}}