
{"id":21529,"date":"2017-09-28T00:00:00","date_gmt":"2017-09-27T22:00:00","guid":{"rendered":"https:\/\/przedszkole61.edu.wroclaw.pl\/index.php\/2014\/06\/14\/spiaca-krolewna\/"},"modified":"2021-04-02T13:32:56","modified_gmt":"2021-04-02T11:32:56","slug":"spiaca-krolewna-2","status":"publish","type":"post","link":"https:\/\/przedszkole61.edu.wroclaw.pl\/index.php\/2017\/09\/28\/spiaca-krolewna-2\/","title":{"rendered":"&#8222;\u015api\u0105ca Kr\u00f3lewna&#8221;"},"content":{"rendered":"<p><strong>28 wrze\u015bnia 201<\/strong>7 &#8222;Gajowickie Skrzaty&#8221; z grupy: III, IV i V obejrza\u0142y w Teatrze Polskim, pe\u0142en magii muzyczny spektakl pt. &#8222;\u015api\u0105ca Kr\u00f3lewna&#8221;, w wykonaniu aktor\u00f3w Wroc\u0142awskiego Teatru Muzycznego T &#8211; Art.<!--more--><\/p>\n<p>\u00a0<\/p>\n\n","protected":false},"excerpt":{"rendered":"<p>28 wrze\u015bnia 2017 &#8222;Gajowickie Skrzaty&#8221; z grupy: III, IV i V obejrza\u0142y w Teatrze Polskim, pe\u0142en magii muzyczny spektakl pt. &#8222;\u015api\u0105ca Kr\u00f3lewna&#8221;, w wykonaniu aktor\u00f3w Wroc\u0142awskiego Teatru Muzycznego T &#8211; [&hellip;]<\/p>\n","protected":false},"author":186,"featured_media":22556,"comment_status":"closed","ping_status":"open","sticky":false,"template":"","format":"standard","meta":{"ngg_post_thumbnail":0,"footnotes":""},"categories":[8],"tags":[],"class_list":["post-21529","post","type-post","status-publish","format-standard","has-post-thumbnail","hentry","category-wydarzenia","clearfix"],"_links":{"self":[{"href":"https:\/\/przedszkole61.edu.wroclaw.pl\/index.php\/wp-json\/wp\/v2\/posts\/21529","targetHints":{"allow":["GET"]}}],"collection":[{"href":"https:\/\/przedszkole61.edu.wroclaw.pl\/index.php\/wp-json\/wp\/v2\/posts"}],"about":[{"href":"https:\/\/przedszkole61.edu.wroclaw.pl\/index.php\/wp-json\/wp\/v2\/types\/post"}],"author":[{"embeddable":true,"href":"https:\/\/przedszkole61.edu.wroclaw.pl\/index.php\/wp-json\/wp\/v2\/users\/186"}],"replies":[{"embeddable":true,"href":"https:\/\/przedszkole61.edu.wroclaw.pl\/index.php\/wp-json\/wp\/v2\/comments?post=21529"}],"version-history":[{"count":3,"href":"https:\/\/przedszkole61.edu.wroclaw.pl\/index.php\/wp-json\/wp\/v2\/posts\/21529\/revisions"}],"predecessor-version":[{"id":24822,"href":"https:\/\/przedszkole61.edu.wroclaw.pl\/index.php\/wp-json\/wp\/v2\/posts\/21529\/revisions\/24822"}],"wp:featuredmedia":[{"embeddable":true,"href":"https:\/\/przedszkole61.edu.wroclaw.pl\/index.php\/wp-json\/wp\/v2\/media\/22556"}],"wp:attachment":[{"href":"https:\/\/przedszkole61.edu.wroclaw.pl\/index.php\/wp-json\/wp\/v2\/media?parent=21529"}],"wp:term":[{"taxonomy":"category","embeddable":true,"href":"https:\/\/przedszkole61.edu.wroclaw.pl\/index.php\/wp-json\/wp\/v2\/categories?post=21529"},{"taxonomy":"post_tag","embeddable":true,"href":"https:\/\/przedszkole61.edu.wroclaw.pl\/index.php\/wp-json\/wp\/v2\/tags?post=21529"}],"curies":[{"name":"wp","href":"https:\/\/api.w.org\/{rel}","templated":true}]}}