
{"id":21560,"date":"2016-06-13T00:00:00","date_gmt":"2016-06-12T22:00:00","guid":{"rendered":"https:\/\/przedszkole61.edu.wroclaw.pl\/index.php\/2014\/06\/19\/szkola-nas-wola\/"},"modified":"2021-04-02T13:32:50","modified_gmt":"2021-04-02T11:32:50","slug":"szkola-nas-wola-2","status":"publish","type":"post","link":"https:\/\/przedszkole61.edu.wroclaw.pl\/index.php\/2016\/06\/13\/szkola-nas-wola-2\/","title":{"rendered":"&#8222;Szko\u0142a nas wo\u0142a&#8221;"},"content":{"rendered":"<p><strong>13 czerwca 2016<\/strong> odby\u0142o si\u0119 uroczyste po\u017cegnanie przedszkolak\u00f3w, kt\u00f3re po wakacjach rozpoczn\u0105 nauk\u0119 w szkole.<!--more--> Pani dyrektor &#8211; Danuta Misiewicz po\u017cegna\u0142a dzieci oraz wr\u0119czy\u0142a im pami\u0105tkowe dyplomy uko\u0144czenia przedszkola i upominki &#8211; ksi\u0105\u017cki. Spotkanie zako\u0144czy\u0142o si\u0119 weso\u0142\u0105 zabaw\u0105 z rodzicami, kt\u00f3r\u0105 prowadzi\u0142a animatorka &#8211; Pani Alina Zwo\u017aniak wraz z zespo\u0142em. Nie zabrak\u0142o r\u00f3wnie\u017c s\u0142odkiego pocz\u0119stunku dla dzieci.<\/p>\n<p><strong>Dzi\u0119kujemy wszystkim Rodzicom za trzyletni\u0105 wsp\u00f3\u0142prac\u0119 oraz zaanga\u017cowanie w organizacj\u0119 uroczysto\u015bci, a dzieciom \u017cyczymy: samych sukces\u00f3w w szkole, du\u017co rado\u015bci i u\u015bmiech\u00f3w na ka\u017cdy dzie\u0144.<\/strong><\/p>\n\n","protected":false},"excerpt":{"rendered":"<p>13 czerwca 2016 odby\u0142o si\u0119 uroczyste po\u017cegnanie przedszkolak\u00f3w, kt\u00f3re po wakacjach rozpoczn\u0105 nauk\u0119 w szkole.<\/p>\n","protected":false},"author":186,"featured_media":22223,"comment_status":"closed","ping_status":"open","sticky":false,"template":"","format":"standard","meta":{"ngg_post_thumbnail":0,"footnotes":""},"categories":[8],"tags":[],"class_list":["post-21560","post","type-post","status-publish","format-standard","has-post-thumbnail","hentry","category-wydarzenia","clearfix"],"_links":{"self":[{"href":"https:\/\/przedszkole61.edu.wroclaw.pl\/index.php\/wp-json\/wp\/v2\/posts\/21560","targetHints":{"allow":["GET"]}}],"collection":[{"href":"https:\/\/przedszkole61.edu.wroclaw.pl\/index.php\/wp-json\/wp\/v2\/posts"}],"about":[{"href":"https:\/\/przedszkole61.edu.wroclaw.pl\/index.php\/wp-json\/wp\/v2\/types\/post"}],"author":[{"embeddable":true,"href":"https:\/\/przedszkole61.edu.wroclaw.pl\/index.php\/wp-json\/wp\/v2\/users\/186"}],"replies":[{"embeddable":true,"href":"https:\/\/przedszkole61.edu.wroclaw.pl\/index.php\/wp-json\/wp\/v2\/comments?post=21560"}],"version-history":[{"count":3,"href":"https:\/\/przedszkole61.edu.wroclaw.pl\/index.php\/wp-json\/wp\/v2\/posts\/21560\/revisions"}],"predecessor-version":[{"id":24760,"href":"https:\/\/przedszkole61.edu.wroclaw.pl\/index.php\/wp-json\/wp\/v2\/posts\/21560\/revisions\/24760"}],"wp:featuredmedia":[{"embeddable":true,"href":"https:\/\/przedszkole61.edu.wroclaw.pl\/index.php\/wp-json\/wp\/v2\/media\/22223"}],"wp:attachment":[{"href":"https:\/\/przedszkole61.edu.wroclaw.pl\/index.php\/wp-json\/wp\/v2\/media?parent=21560"}],"wp:term":[{"taxonomy":"category","embeddable":true,"href":"https:\/\/przedszkole61.edu.wroclaw.pl\/index.php\/wp-json\/wp\/v2\/categories?post=21560"},{"taxonomy":"post_tag","embeddable":true,"href":"https:\/\/przedszkole61.edu.wroclaw.pl\/index.php\/wp-json\/wp\/v2\/tags?post=21560"}],"curies":[{"name":"wp","href":"https:\/\/api.w.org\/{rel}","templated":true}]}}