
{"id":21586,"date":"2015-10-21T00:00:00","date_gmt":"2015-10-20T22:00:00","guid":{"rendered":"https:\/\/przedszkole61.edu.wroclaw.pl\/index.php\/2014\/10\/10\/smyczkowa-rodzina-spotkanie-z-muzyka\/"},"modified":"2021-04-02T13:32:46","modified_gmt":"2021-04-02T11:32:46","slug":"smyczkowa-rodzina-spotkanie-z-muzyka-2","status":"publish","type":"post","link":"https:\/\/przedszkole61.edu.wroclaw.pl\/index.php\/2015\/10\/21\/smyczkowa-rodzina-spotkanie-z-muzyka-2\/","title":{"rendered":"&#8222;Smyczkowa rodzina&#8221; &#8211; Spotkanie z muzyk\u0105"},"content":{"rendered":"<p><strong>21 pa\u017adziernika 2015<\/strong> rozpocz\u0105\u0142 si\u0119 w naszym przedszkolu kolejny sezon muzycznych spotka\u0144.<!--more-->\u00a0 Podczas pierwszego koncertu przedszkolaki pozna\u0142y budow\u0119 i brzmienie wiolonczeli i skrzypiec. Us\u0142ysza\u0142y te\u017c wiele &#8222;smyczkowych&#8221; przeboj\u00f3w oraz odgadywa\u0142y muzyczne zagadki.<\/p>\n\n","protected":false},"excerpt":{"rendered":"<p>21 pa\u017adziernika 2015 rozpocz\u0105\u0142 si\u0119 w naszym przedszkolu kolejny sezon muzycznych spotka\u0144.<\/p>\n","protected":false},"author":186,"featured_media":21979,"comment_status":"closed","ping_status":"open","sticky":false,"template":"","format":"standard","meta":{"ngg_post_thumbnail":0,"footnotes":""},"categories":[8],"tags":[],"class_list":["post-21586","post","type-post","status-publish","format-standard","has-post-thumbnail","hentry","category-wydarzenia","clearfix"],"_links":{"self":[{"href":"https:\/\/przedszkole61.edu.wroclaw.pl\/index.php\/wp-json\/wp\/v2\/posts\/21586","targetHints":{"allow":["GET"]}}],"collection":[{"href":"https:\/\/przedszkole61.edu.wroclaw.pl\/index.php\/wp-json\/wp\/v2\/posts"}],"about":[{"href":"https:\/\/przedszkole61.edu.wroclaw.pl\/index.php\/wp-json\/wp\/v2\/types\/post"}],"author":[{"embeddable":true,"href":"https:\/\/przedszkole61.edu.wroclaw.pl\/index.php\/wp-json\/wp\/v2\/users\/186"}],"replies":[{"embeddable":true,"href":"https:\/\/przedszkole61.edu.wroclaw.pl\/index.php\/wp-json\/wp\/v2\/comments?post=21586"}],"version-history":[{"count":3,"href":"https:\/\/przedszkole61.edu.wroclaw.pl\/index.php\/wp-json\/wp\/v2\/posts\/21586\/revisions"}],"predecessor-version":[{"id":24707,"href":"https:\/\/przedszkole61.edu.wroclaw.pl\/index.php\/wp-json\/wp\/v2\/posts\/21586\/revisions\/24707"}],"wp:featuredmedia":[{"embeddable":true,"href":"https:\/\/przedszkole61.edu.wroclaw.pl\/index.php\/wp-json\/wp\/v2\/media\/21979"}],"wp:attachment":[{"href":"https:\/\/przedszkole61.edu.wroclaw.pl\/index.php\/wp-json\/wp\/v2\/media?parent=21586"}],"wp:term":[{"taxonomy":"category","embeddable":true,"href":"https:\/\/przedszkole61.edu.wroclaw.pl\/index.php\/wp-json\/wp\/v2\/categories?post=21586"},{"taxonomy":"post_tag","embeddable":true,"href":"https:\/\/przedszkole61.edu.wroclaw.pl\/index.php\/wp-json\/wp\/v2\/tags?post=21586"}],"curies":[{"name":"wp","href":"https:\/\/api.w.org\/{rel}","templated":true}]}}