
{"id":21666,"date":"2016-06-23T00:00:00","date_gmt":"2016-06-22T22:00:00","guid":{"rendered":"https:\/\/przedszkole61.edu.wroclaw.pl\/index.php\/2014\/12\/03\/wycieczka-do-zoo\/"},"modified":"2021-04-02T13:32:50","modified_gmt":"2021-04-02T11:32:50","slug":"wycieczka-do-zoo-2","status":"publish","type":"post","link":"https:\/\/przedszkole61.edu.wroclaw.pl\/index.php\/2016\/06\/23\/wycieczka-do-zoo-2\/","title":{"rendered":"Wycieczka do ZOO"},"content":{"rendered":"<p><strong>23 czerwca 2016<\/strong> dzieci z grupy: III, IV i V wybra\u0142y si\u0119 na wycieczk\u0119 do Ogrodu Zoologicznego. By\u0142a to niezwykle ciekawa przygoda ze \u015bwiatem zwierz\u0105t z r\u00f3\u017cnych stron \u015bwiata.<!--more--><\/p>\n<p>\u00a0<\/p>\n\n","protected":false},"excerpt":{"rendered":"<p>23 czerwca 2016 dzieci z grupy: III, IV i V wybra\u0142y si\u0119 na wycieczk\u0119 do Ogrodu Zoologicznego. By\u0142a to niezwykle ciekawa przygoda ze \u015bwiatem zwierz\u0105t z r\u00f3\u017cnych stron \u015bwiata.<\/p>\n","protected":false},"author":186,"featured_media":22227,"comment_status":"closed","ping_status":"open","sticky":false,"template":"","format":"standard","meta":{"ngg_post_thumbnail":0,"footnotes":""},"categories":[8],"tags":[],"class_list":["post-21666","post","type-post","status-publish","format-standard","has-post-thumbnail","hentry","category-wydarzenia","clearfix"],"_links":{"self":[{"href":"https:\/\/przedszkole61.edu.wroclaw.pl\/index.php\/wp-json\/wp\/v2\/posts\/21666","targetHints":{"allow":["GET"]}}],"collection":[{"href":"https:\/\/przedszkole61.edu.wroclaw.pl\/index.php\/wp-json\/wp\/v2\/posts"}],"about":[{"href":"https:\/\/przedszkole61.edu.wroclaw.pl\/index.php\/wp-json\/wp\/v2\/types\/post"}],"author":[{"embeddable":true,"href":"https:\/\/przedszkole61.edu.wroclaw.pl\/index.php\/wp-json\/wp\/v2\/users\/186"}],"replies":[{"embeddable":true,"href":"https:\/\/przedszkole61.edu.wroclaw.pl\/index.php\/wp-json\/wp\/v2\/comments?post=21666"}],"version-history":[{"count":3,"href":"https:\/\/przedszkole61.edu.wroclaw.pl\/index.php\/wp-json\/wp\/v2\/posts\/21666\/revisions"}],"predecessor-version":[{"id":24761,"href":"https:\/\/przedszkole61.edu.wroclaw.pl\/index.php\/wp-json\/wp\/v2\/posts\/21666\/revisions\/24761"}],"wp:featuredmedia":[{"embeddable":true,"href":"https:\/\/przedszkole61.edu.wroclaw.pl\/index.php\/wp-json\/wp\/v2\/media\/22227"}],"wp:attachment":[{"href":"https:\/\/przedszkole61.edu.wroclaw.pl\/index.php\/wp-json\/wp\/v2\/media?parent=21666"}],"wp:term":[{"taxonomy":"category","embeddable":true,"href":"https:\/\/przedszkole61.edu.wroclaw.pl\/index.php\/wp-json\/wp\/v2\/categories?post=21666"},{"taxonomy":"post_tag","embeddable":true,"href":"https:\/\/przedszkole61.edu.wroclaw.pl\/index.php\/wp-json\/wp\/v2\/tags?post=21666"}],"curies":[{"name":"wp","href":"https:\/\/api.w.org\/{rel}","templated":true}]}}