
{"id":21768,"date":"2021-03-26T00:00:00","date_gmt":"2021-03-25T23:00:00","guid":{"rendered":"https:\/\/przedszkole61.edu.wroclaw.pl\/index.php\/2015\/03\/25\/w-poszukiwaniu-prezentow-od-zajaczka-wielkanocnego\/"},"modified":"2021-04-13T09:02:26","modified_gmt":"2021-04-13T07:02:26","slug":"wielkanocny-zajaczek-2","status":"publish","type":"post","link":"https:\/\/przedszkole61.edu.wroclaw.pl\/index.php\/2021\/03\/26\/wielkanocny-zajaczek-2\/","title":{"rendered":"&#8222;Wielkanocny zaj\u0105czek&#8221;"},"content":{"rendered":"<div class=\"wpb-content-wrapper\"><p>[vc_row][vc_column][vc_column_text]<strong>26 marca 2021<\/strong> nasze przedszkole odwiedzi\u0142 zaj\u0105czek Wielkanocny. Zaj\u0105czek zostawi\u0142 dla przedszkolak\u00f3w list z \u017cyczeniami wielkanocnymi oraz s\u0142odkie upominki. Zabawa by\u0142a wyborna. Wszyscy biegali i szukali ukrytych w ogrodzie s\u0142odkich, wielkanocnych \u0142akoci. <strong>Ach, c\u00f3\u017c to by\u0142 za dzie\u0144 \u2026<\/strong><\/p>\n<p>&nbsp;[\/vc_column_text][\/vc_column][\/vc_row][vc_row][vc_column][vc_media_grid grid_id=&#8221;vc_gid:1618297297670-50b16c49-dcd1-3&#8243; include=&#8221;24547,24548,24546,24544,24545,24543,24542,24539,24540,24541,24538,24537,24536,24534,24533,24532,24535,24529,24531,24530,24528,24524,24526,24527,24525,24521,24522,24523,24520&#8243;][\/vc_column][\/vc_row]<\/p>\n<\/div>","protected":false},"excerpt":{"rendered":"<p>[vc_row][vc_column][vc_column_text]26 marca 2021 nasze przedszkole odwiedzi\u0142 zaj\u0105czek Wielkanocny. Zaj\u0105czek zostawi\u0142 dla przedszkolak\u00f3w list z \u017cyczeniami wielkanocnymi oraz s\u0142odkie upominki. Zabawa by\u0142a wyborna. Wszyscy biegali i szukali ukrytych w ogrodzie s\u0142odkich, [&hellip;]<\/p>\n","protected":false},"author":186,"featured_media":24519,"comment_status":"closed","ping_status":"open","sticky":false,"template":"","format":"standard","meta":{"ngg_post_thumbnail":0,"footnotes":""},"categories":[8],"tags":[],"class_list":["post-21768","post","type-post","status-publish","format-standard","has-post-thumbnail","hentry","category-wydarzenia","clearfix"],"_links":{"self":[{"href":"https:\/\/przedszkole61.edu.wroclaw.pl\/index.php\/wp-json\/wp\/v2\/posts\/21768","targetHints":{"allow":["GET"]}}],"collection":[{"href":"https:\/\/przedszkole61.edu.wroclaw.pl\/index.php\/wp-json\/wp\/v2\/posts"}],"about":[{"href":"https:\/\/przedszkole61.edu.wroclaw.pl\/index.php\/wp-json\/wp\/v2\/types\/post"}],"author":[{"embeddable":true,"href":"https:\/\/przedszkole61.edu.wroclaw.pl\/index.php\/wp-json\/wp\/v2\/users\/186"}],"replies":[{"embeddable":true,"href":"https:\/\/przedszkole61.edu.wroclaw.pl\/index.php\/wp-json\/wp\/v2\/comments?post=21768"}],"version-history":[{"count":10,"href":"https:\/\/przedszkole61.edu.wroclaw.pl\/index.php\/wp-json\/wp\/v2\/posts\/21768\/revisions"}],"predecessor-version":[{"id":25128,"href":"https:\/\/przedszkole61.edu.wroclaw.pl\/index.php\/wp-json\/wp\/v2\/posts\/21768\/revisions\/25128"}],"wp:featuredmedia":[{"embeddable":true,"href":"https:\/\/przedszkole61.edu.wroclaw.pl\/index.php\/wp-json\/wp\/v2\/media\/24519"}],"wp:attachment":[{"href":"https:\/\/przedszkole61.edu.wroclaw.pl\/index.php\/wp-json\/wp\/v2\/media?parent=21768"}],"wp:term":[{"taxonomy":"category","embeddable":true,"href":"https:\/\/przedszkole61.edu.wroclaw.pl\/index.php\/wp-json\/wp\/v2\/categories?post=21768"},{"taxonomy":"post_tag","embeddable":true,"href":"https:\/\/przedszkole61.edu.wroclaw.pl\/index.php\/wp-json\/wp\/v2\/tags?post=21768"}],"curies":[{"name":"wp","href":"https:\/\/api.w.org\/{rel}","templated":true}]}}