
{"id":21794,"date":"2017-04-13T00:00:00","date_gmt":"2017-04-12T22:00:00","guid":{"rendered":"https:\/\/przedszkole61.edu.wroclaw.pl\/index.php\/2015\/04\/01\/kiermasz-wielkanocny\/"},"modified":"2021-04-02T13:32:54","modified_gmt":"2021-04-02T11:32:54","slug":"kiermasz-wielkanocny-4","status":"publish","type":"post","link":"https:\/\/przedszkole61.edu.wroclaw.pl\/index.php\/2017\/04\/13\/kiermasz-wielkanocny-4\/","title":{"rendered":"&#8222;Kiermasz Wielkanocny&#8221;"},"content":{"rendered":"<p><strong>12 kwietnia 2017<\/strong> odby\u0142 si\u0119 w naszym przedszkolu Kiermasz Wielkanocny, na kt\u00f3rym mo\u017cna by\u0142o kupi\u0107 ozdoby \u015bwi\u0105teczne wykonane przez dzieci. <!--more-->Doch\u00f3d ze sprzeda\u017cy przeznaczony zostanie na renowacj\u0119 sprz\u0119tu ogrodowego. Dzi\u0119kujemy Rodzicom za udzia\u0142 w kiermaszu.<\/p>\n\n","protected":false},"excerpt":{"rendered":"<p>12 kwietnia 2017 odby\u0142 si\u0119 w naszym przedszkolu Kiermasz Wielkanocny, na kt\u00f3rym mo\u017cna by\u0142o kupi\u0107 ozdoby \u015bwi\u0105teczne wykonane przez dzieci.<\/p>\n","protected":false},"author":186,"featured_media":22467,"comment_status":"closed","ping_status":"open","sticky":false,"template":"","format":"standard","meta":{"ngg_post_thumbnail":0,"footnotes":""},"categories":[8],"tags":[],"class_list":["post-21794","post","type-post","status-publish","format-standard","has-post-thumbnail","hentry","category-wydarzenia","clearfix"],"_links":{"self":[{"href":"https:\/\/przedszkole61.edu.wroclaw.pl\/index.php\/wp-json\/wp\/v2\/posts\/21794","targetHints":{"allow":["GET"]}}],"collection":[{"href":"https:\/\/przedszkole61.edu.wroclaw.pl\/index.php\/wp-json\/wp\/v2\/posts"}],"about":[{"href":"https:\/\/przedszkole61.edu.wroclaw.pl\/index.php\/wp-json\/wp\/v2\/types\/post"}],"author":[{"embeddable":true,"href":"https:\/\/przedszkole61.edu.wroclaw.pl\/index.php\/wp-json\/wp\/v2\/users\/186"}],"replies":[{"embeddable":true,"href":"https:\/\/przedszkole61.edu.wroclaw.pl\/index.php\/wp-json\/wp\/v2\/comments?post=21794"}],"version-history":[{"count":5,"href":"https:\/\/przedszkole61.edu.wroclaw.pl\/index.php\/wp-json\/wp\/v2\/posts\/21794\/revisions"}],"predecessor-version":[{"id":24799,"href":"https:\/\/przedszkole61.edu.wroclaw.pl\/index.php\/wp-json\/wp\/v2\/posts\/21794\/revisions\/24799"}],"wp:featuredmedia":[{"embeddable":true,"href":"https:\/\/przedszkole61.edu.wroclaw.pl\/index.php\/wp-json\/wp\/v2\/media\/22467"}],"wp:attachment":[{"href":"https:\/\/przedszkole61.edu.wroclaw.pl\/index.php\/wp-json\/wp\/v2\/media?parent=21794"}],"wp:term":[{"taxonomy":"category","embeddable":true,"href":"https:\/\/przedszkole61.edu.wroclaw.pl\/index.php\/wp-json\/wp\/v2\/categories?post=21794"},{"taxonomy":"post_tag","embeddable":true,"href":"https:\/\/przedszkole61.edu.wroclaw.pl\/index.php\/wp-json\/wp\/v2\/tags?post=21794"}],"curies":[{"name":"wp","href":"https:\/\/api.w.org\/{rel}","templated":true}]}}