
{"id":21800,"date":"2016-04-20T00:00:00","date_gmt":"2016-04-19T22:00:00","guid":{"rendered":"https:\/\/przedszkole61.edu.wroclaw.pl\/index.php\/2015\/04\/13\/pola-nadziei-to-radosc-pomagania\/"},"modified":"2021-04-02T13:32:50","modified_gmt":"2021-04-02T11:32:50","slug":"pola-nadziei-to-radosc-pomagania-2","status":"publish","type":"post","link":"https:\/\/przedszkole61.edu.wroclaw.pl\/index.php\/2016\/04\/20\/pola-nadziei-to-radosc-pomagania-2\/","title":{"rendered":"&#8222;Pola Nadziei to rado\u015b\u0107 pomagania&#8221;"},"content":{"rendered":"<p><strong>14 kwietnia 2016<\/strong> w ramach realizacji og\u00f3lnopolskiego programu charytatywnego &#8222;Pola Nadziei&#8221;, Mali Wolontariusze &#8211; dzieci z grupy V, kwestowa\u0142y na rzecz podopiecznych Fundacji Wroc\u0142awskie Hospicjum dla Dzieci. W zamian za datek ka\u017cdy ofiarodawca otrzymywa\u0142 kwiaty Nadziei &#8211; \u017conkile, kt\u00f3re zosta\u0142y wyhodowane na rabatce przedszkolnej. <!--more-->W imieniu podopiecznych Fundacji dzi\u0119kujemy za udzia\u0142 w akcji.<\/p>\n\n","protected":false},"excerpt":{"rendered":"<p>14 kwietnia 2016 w ramach realizacji og\u00f3lnopolskiego programu charytatywnego &#8222;Pola Nadziei&#8221;, Mali Wolontariusze &#8211; dzieci z grupy V, kwestowa\u0142y na rzecz podopiecznych Fundacji Wroc\u0142awskie Hospicjum dla Dzieci. W zamian za [&hellip;]<\/p>\n","protected":false},"author":186,"featured_media":22159,"comment_status":"closed","ping_status":"open","sticky":false,"template":"","format":"standard","meta":{"ngg_post_thumbnail":0,"footnotes":""},"categories":[8],"tags":[],"class_list":["post-21800","post","type-post","status-publish","format-standard","has-post-thumbnail","hentry","category-wydarzenia","clearfix"],"_links":{"self":[{"href":"https:\/\/przedszkole61.edu.wroclaw.pl\/index.php\/wp-json\/wp\/v2\/posts\/21800","targetHints":{"allow":["GET"]}}],"collection":[{"href":"https:\/\/przedszkole61.edu.wroclaw.pl\/index.php\/wp-json\/wp\/v2\/posts"}],"about":[{"href":"https:\/\/przedszkole61.edu.wroclaw.pl\/index.php\/wp-json\/wp\/v2\/types\/post"}],"author":[{"embeddable":true,"href":"https:\/\/przedszkole61.edu.wroclaw.pl\/index.php\/wp-json\/wp\/v2\/users\/186"}],"replies":[{"embeddable":true,"href":"https:\/\/przedszkole61.edu.wroclaw.pl\/index.php\/wp-json\/wp\/v2\/comments?post=21800"}],"version-history":[{"count":3,"href":"https:\/\/przedszkole61.edu.wroclaw.pl\/index.php\/wp-json\/wp\/v2\/posts\/21800\/revisions"}],"predecessor-version":[{"id":24748,"href":"https:\/\/przedszkole61.edu.wroclaw.pl\/index.php\/wp-json\/wp\/v2\/posts\/21800\/revisions\/24748"}],"wp:featuredmedia":[{"embeddable":true,"href":"https:\/\/przedszkole61.edu.wroclaw.pl\/index.php\/wp-json\/wp\/v2\/media\/22159"}],"wp:attachment":[{"href":"https:\/\/przedszkole61.edu.wroclaw.pl\/index.php\/wp-json\/wp\/v2\/media?parent=21800"}],"wp:term":[{"taxonomy":"category","embeddable":true,"href":"https:\/\/przedszkole61.edu.wroclaw.pl\/index.php\/wp-json\/wp\/v2\/categories?post=21800"},{"taxonomy":"post_tag","embeddable":true,"href":"https:\/\/przedszkole61.edu.wroclaw.pl\/index.php\/wp-json\/wp\/v2\/tags?post=21800"}],"curies":[{"name":"wp","href":"https:\/\/api.w.org\/{rel}","templated":true}]}}