
{"id":21837,"date":"2015-05-03T00:00:00","date_gmt":"2015-05-02T22:00:00","guid":{"rendered":"https:\/\/przedszkole61.edu.wroclaw.pl\/index.php\/2015\/05\/03\/wiosna-w-zieleni-barwami-sie-mieni-rozstrzygniecie-konkursu-fotograficznego\/"},"modified":"2021-04-02T13:32:43","modified_gmt":"2021-04-02T11:32:43","slug":"wiosna-w-zieleni-barwami-sie-mieni-rozstrzygniecie-konkursu-fotograficznego","status":"publish","type":"post","link":"https:\/\/przedszkole61.edu.wroclaw.pl\/index.php\/2015\/05\/03\/wiosna-w-zieleni-barwami-sie-mieni-rozstrzygniecie-konkursu-fotograficznego\/","title":{"rendered":"&#8222;Wiosna w zieleni barwami si\u0119 mieni&#8221; &#8211; rozstrzygni\u0119cie konkursu fotograficznego"},"content":{"rendered":"<p><strong>W kwietniu 2015<\/strong>, nasze przedszkole by\u0142o organizatorem konkursu fotograficznego pt. &#8222;Wiosna w zieleni kolorami si\u0119 mieni&#8221; dla wroc\u0142awskich przeszkoli. <!--more-->W konkursie wzi\u0119\u0142y udzia\u0142 4 przedszkola. Nades\u0142ano 17 prac. Wszystkie przedszkola otrzyma\u0142y dyplomy, a nagrod\u0119 ksi\u0105\u017ckow\u0105 otrzyma\u0142o Przedszkole nr 68. Jedna fotografia nie zosta\u0142a zakwalifikowana ze wzgl\u0119du na prezentacj\u0119 jesiennych kwiat\u00f3w. Dzi\u0119kujemy Dzieciom i Nauczycielom za udzia\u0142 w konkursie.<\/p>\n\n","protected":false},"excerpt":{"rendered":"<p>W kwietniu 2015, nasze przedszkole by\u0142o organizatorem konkursu fotograficznego pt. &#8222;Wiosna w zieleni kolorami si\u0119 mieni&#8221; dla wroc\u0142awskich przeszkoli.<\/p>\n","protected":false},"author":186,"featured_media":21838,"comment_status":"closed","ping_status":"open","sticky":false,"template":"","format":"standard","meta":{"ngg_post_thumbnail":0,"footnotes":""},"categories":[8],"tags":[],"class_list":["post-21837","post","type-post","status-publish","format-standard","has-post-thumbnail","hentry","category-wydarzenia","clearfix"],"_links":{"self":[{"href":"https:\/\/przedszkole61.edu.wroclaw.pl\/index.php\/wp-json\/wp\/v2\/posts\/21837","targetHints":{"allow":["GET"]}}],"collection":[{"href":"https:\/\/przedszkole61.edu.wroclaw.pl\/index.php\/wp-json\/wp\/v2\/posts"}],"about":[{"href":"https:\/\/przedszkole61.edu.wroclaw.pl\/index.php\/wp-json\/wp\/v2\/types\/post"}],"author":[{"embeddable":true,"href":"https:\/\/przedszkole61.edu.wroclaw.pl\/index.php\/wp-json\/wp\/v2\/users\/186"}],"replies":[{"embeddable":true,"href":"https:\/\/przedszkole61.edu.wroclaw.pl\/index.php\/wp-json\/wp\/v2\/comments?post=21837"}],"version-history":[{"count":1,"href":"https:\/\/przedszkole61.edu.wroclaw.pl\/index.php\/wp-json\/wp\/v2\/posts\/21837\/revisions"}],"predecessor-version":[{"id":24683,"href":"https:\/\/przedszkole61.edu.wroclaw.pl\/index.php\/wp-json\/wp\/v2\/posts\/21837\/revisions\/24683"}],"wp:featuredmedia":[{"embeddable":true,"href":"https:\/\/przedszkole61.edu.wroclaw.pl\/index.php\/wp-json\/wp\/v2\/media\/21838"}],"wp:attachment":[{"href":"https:\/\/przedszkole61.edu.wroclaw.pl\/index.php\/wp-json\/wp\/v2\/media?parent=21837"}],"wp:term":[{"taxonomy":"category","embeddable":true,"href":"https:\/\/przedszkole61.edu.wroclaw.pl\/index.php\/wp-json\/wp\/v2\/categories?post=21837"},{"taxonomy":"post_tag","embeddable":true,"href":"https:\/\/przedszkole61.edu.wroclaw.pl\/index.php\/wp-json\/wp\/v2\/tags?post=21837"}],"curies":[{"name":"wp","href":"https:\/\/api.w.org\/{rel}","templated":true}]}}