
{"id":21963,"date":"2015-09-18T00:00:00","date_gmt":"2015-09-17T22:00:00","guid":{"rendered":"https:\/\/przedszkole61.edu.wroclaw.pl\/index.php\/2015\/09\/18\/i-ty-mozesz-zostac-indianinem-wycieczka-do-wioski-indianskiej\/"},"modified":"2021-04-02T13:32:45","modified_gmt":"2021-04-02T11:32:45","slug":"i-ty-mozesz-zostac-indianinem-wycieczka-do-wioski-indianskiej","status":"publish","type":"post","link":"https:\/\/przedszkole61.edu.wroclaw.pl\/index.php\/2015\/09\/18\/i-ty-mozesz-zostac-indianinem-wycieczka-do-wioski-indianskiej\/","title":{"rendered":"&#8222;I Ty mo\u017cesz zosta\u0107 Indianinem&#8221; &#8211; wycieczka do Wioski India\u0144skiej"},"content":{"rendered":"<p><strong>18 wrze\u015bnia 2015<\/strong> przedszkolaki z grupy: III, IV i V wybra\u0142y si\u0119 na wycieczk\u0119 autokarow\u0105 do Wioski India\u0144skiej &#8222;Pocahontas&#8221;. Na miejscu czeka\u0142o na dzieci mn\u00f3stwo przyg\u00f3d i atrakcji. <!--more-->Przedszkolaki, przyozdobione bojowymi tatua\u017cami oraz pi\u00f3ropuszami, zdobywa\u0142y india\u0144skie sprawno\u015bci i trofea; polowa\u0142y na w\u0119\u017ce i bizony, strzela\u0142y z \u0142uku, uczy\u0142y si\u0119 india\u0144skich okrzyk\u00f3w, gra\u0142y na b\u0119bnach, wspina\u0142y na si\u0119 na &#8222;g\u00f3r\u0119 mocy&#8221;, pokonywa\u0142y tor przeszk\u00f3d &#8230; By\u0142y to pe\u0142ne rado\u015bci i weso\u0142ych okrzyk\u00f3w emocjonuj\u0105ce zabawy! Do przedszkola wszyscy wr\u00f3cili\u015bmy w doskona\u0142ych humorach i z pami\u0105tkami &#8211; w\u0142asnor\u0119cznie wykonanymi amuletami.<\/p>\n\n","protected":false},"excerpt":{"rendered":"<p>18 wrze\u015bnia 2015 przedszkolaki z grupy: III, IV i V wybra\u0142y si\u0119 na wycieczk\u0119 autokarow\u0105 do Wioski India\u0144skiej &#8222;Pocahontas&#8221;. Na miejscu czeka\u0142o na dzieci mn\u00f3stwo przyg\u00f3d i atrakcji.<\/p>\n","protected":false},"author":186,"featured_media":21964,"comment_status":"closed","ping_status":"open","sticky":false,"template":"","format":"standard","meta":{"ngg_post_thumbnail":0,"footnotes":""},"categories":[8],"tags":[],"class_list":["post-21963","post","type-post","status-publish","format-standard","has-post-thumbnail","hentry","category-wydarzenia","clearfix"],"_links":{"self":[{"href":"https:\/\/przedszkole61.edu.wroclaw.pl\/index.php\/wp-json\/wp\/v2\/posts\/21963","targetHints":{"allow":["GET"]}}],"collection":[{"href":"https:\/\/przedszkole61.edu.wroclaw.pl\/index.php\/wp-json\/wp\/v2\/posts"}],"about":[{"href":"https:\/\/przedszkole61.edu.wroclaw.pl\/index.php\/wp-json\/wp\/v2\/types\/post"}],"author":[{"embeddable":true,"href":"https:\/\/przedszkole61.edu.wroclaw.pl\/index.php\/wp-json\/wp\/v2\/users\/186"}],"replies":[{"embeddable":true,"href":"https:\/\/przedszkole61.edu.wroclaw.pl\/index.php\/wp-json\/wp\/v2\/comments?post=21963"}],"version-history":[{"count":1,"href":"https:\/\/przedszkole61.edu.wroclaw.pl\/index.php\/wp-json\/wp\/v2\/posts\/21963\/revisions"}],"predecessor-version":[{"id":24701,"href":"https:\/\/przedszkole61.edu.wroclaw.pl\/index.php\/wp-json\/wp\/v2\/posts\/21963\/revisions\/24701"}],"wp:featuredmedia":[{"embeddable":true,"href":"https:\/\/przedszkole61.edu.wroclaw.pl\/index.php\/wp-json\/wp\/v2\/media\/21964"}],"wp:attachment":[{"href":"https:\/\/przedszkole61.edu.wroclaw.pl\/index.php\/wp-json\/wp\/v2\/media?parent=21963"}],"wp:term":[{"taxonomy":"category","embeddable":true,"href":"https:\/\/przedszkole61.edu.wroclaw.pl\/index.php\/wp-json\/wp\/v2\/categories?post=21963"},{"taxonomy":"post_tag","embeddable":true,"href":"https:\/\/przedszkole61.edu.wroclaw.pl\/index.php\/wp-json\/wp\/v2\/tags?post=21963"}],"curies":[{"name":"wp","href":"https:\/\/api.w.org\/{rel}","templated":true}]}}