
{"id":21967,"date":"2015-09-27T00:00:00","date_gmt":"2015-09-26T22:00:00","guid":{"rendered":"https:\/\/przedszkole61.edu.wroclaw.pl\/index.php\/2015\/09\/27\/dominika-biega\/"},"modified":"2021-04-02T13:32:45","modified_gmt":"2021-04-02T11:32:45","slug":"dominika-biega","status":"publish","type":"post","link":"https:\/\/przedszkole61.edu.wroclaw.pl\/index.php\/2015\/09\/27\/dominika-biega\/","title":{"rendered":"Dominika biega"},"content":{"rendered":"<p><strong>12 wrze\u015bnia 2015<\/strong> we Wroc\u0142awiu odby\u0142 si\u0119 25 Bieg &#8222;Solidarno\u015bci&#8221;. W tegorocznej jubileuszowej edycji biegu na starcie stan\u0119\u0142o prawie 800 doros\u0142ych biegaczy i 1100 dzieci.\u00a0 Nasze przedszkole reprezentowa\u0142a <strong>Dominika K. z grupy IV.<\/strong> <!--more-->Z ogromn\u0105 przyjemno\u015bci\u0105 pragniemy poinformowa\u0107, \u017ce Dominika zaj\u0119\u0142a V miejsce w swojej kategorii wiekowej! Gratulujemy i dzi\u0119kujemy za udzia\u0142!<\/p>\n<p>To nie jedyny sukces sportowy Dominiki.<\/p>\n<p><strong>W kwietniu 2015 nasza &#8222;biegaczka&#8221; zaj\u0119\u0142a III miejsce<\/strong> w kategorii &#8211; dziewczynki, w zawodach z cyklu Grand Prix City Trail Junior.<\/p>\n<p><strong>W roku 2014 Dominika zdoby\u0142a II miejsce<\/strong> w biegu &#8222;Dzieciaki zBiegiemNatury&#8221;, organizowanym r\u00f3wnie\u017c w ramach Grand Prix City.<\/p>\n<p><strong>Dominiko, trzymamy mocno kciuki za kolejne sukcesy i medale!<\/strong><\/p>\n\n","protected":false},"excerpt":{"rendered":"<p>12 wrze\u015bnia 2015 we Wroc\u0142awiu odby\u0142 si\u0119 25 Bieg &#8222;Solidarno\u015bci&#8221;. W tegorocznej jubileuszowej edycji biegu na starcie stan\u0119\u0142o prawie 800 doros\u0142ych biegaczy i 1100 dzieci.\u00a0 Nasze przedszkole reprezentowa\u0142a Dominika K. [&hellip;]<\/p>\n","protected":false},"author":186,"featured_media":21968,"comment_status":"closed","ping_status":"open","sticky":false,"template":"","format":"standard","meta":{"ngg_post_thumbnail":0,"footnotes":""},"categories":[8],"tags":[],"class_list":["post-21967","post","type-post","status-publish","format-standard","has-post-thumbnail","hentry","category-wydarzenia","clearfix"],"_links":{"self":[{"href":"https:\/\/przedszkole61.edu.wroclaw.pl\/index.php\/wp-json\/wp\/v2\/posts\/21967","targetHints":{"allow":["GET"]}}],"collection":[{"href":"https:\/\/przedszkole61.edu.wroclaw.pl\/index.php\/wp-json\/wp\/v2\/posts"}],"about":[{"href":"https:\/\/przedszkole61.edu.wroclaw.pl\/index.php\/wp-json\/wp\/v2\/types\/post"}],"author":[{"embeddable":true,"href":"https:\/\/przedszkole61.edu.wroclaw.pl\/index.php\/wp-json\/wp\/v2\/users\/186"}],"replies":[{"embeddable":true,"href":"https:\/\/przedszkole61.edu.wroclaw.pl\/index.php\/wp-json\/wp\/v2\/comments?post=21967"}],"version-history":[{"count":1,"href":"https:\/\/przedszkole61.edu.wroclaw.pl\/index.php\/wp-json\/wp\/v2\/posts\/21967\/revisions"}],"predecessor-version":[{"id":24702,"href":"https:\/\/przedszkole61.edu.wroclaw.pl\/index.php\/wp-json\/wp\/v2\/posts\/21967\/revisions\/24702"}],"wp:featuredmedia":[{"embeddable":true,"href":"https:\/\/przedszkole61.edu.wroclaw.pl\/index.php\/wp-json\/wp\/v2\/media\/21968"}],"wp:attachment":[{"href":"https:\/\/przedszkole61.edu.wroclaw.pl\/index.php\/wp-json\/wp\/v2\/media?parent=21967"}],"wp:term":[{"taxonomy":"category","embeddable":true,"href":"https:\/\/przedszkole61.edu.wroclaw.pl\/index.php\/wp-json\/wp\/v2\/categories?post=21967"},{"taxonomy":"post_tag","embeddable":true,"href":"https:\/\/przedszkole61.edu.wroclaw.pl\/index.php\/wp-json\/wp\/v2\/tags?post=21967"}],"curies":[{"name":"wp","href":"https:\/\/api.w.org\/{rel}","templated":true}]}}