
{"id":21969,"date":"2015-10-18T00:00:00","date_gmt":"2015-10-17T22:00:00","guid":{"rendered":"https:\/\/przedszkole61.edu.wroclaw.pl\/index.php\/2015\/10\/18\/dary-jesieni\/"},"modified":"2021-04-02T13:32:45","modified_gmt":"2021-04-02T11:32:45","slug":"dary-jesieni","status":"publish","type":"post","link":"https:\/\/przedszkole61.edu.wroclaw.pl\/index.php\/2015\/10\/18\/dary-jesieni\/","title":{"rendered":"&#8222;Dary jesieni&#8221;"},"content":{"rendered":"<p><strong>w pa\u017adzierniku 2015<\/strong> przedszkolaki z grupy V poznawa\u0142y dary jesieni. Ogl\u0105da\u0142y warzywa i owoce; dotyka\u0142y, opisywa\u0142y ich wygl\u0105d, delektowa\u0142y si\u0119 ich smakiem i aromatem, przelicza\u0142y, por\u00f3wnywa\u0142y wielko\u015b\u0107 i kolor.<!--more--> Pozna\u0142y sposoby spo\u017cywania owoc\u00f3w i warzyw w postaci surowej i przetworzonej. A na zako\u0144czenie zabaw badawczych wzi\u0119\u0142y udzia\u0142 w suszeniu jab\u0142ek na zdrow\u0105 i smaczn\u0105 przek\u0105sk\u0119 &#8211; chipsy owocowe.<\/p>\n\n","protected":false},"excerpt":{"rendered":"<p>w pa\u017adzierniku 2015 przedszkolaki z grupy V poznawa\u0142y dary jesieni. Ogl\u0105da\u0142y warzywa i owoce; dotyka\u0142y, opisywa\u0142y ich wygl\u0105d, delektowa\u0142y si\u0119 ich smakiem i aromatem, przelicza\u0142y, por\u00f3wnywa\u0142y wielko\u015b\u0107 i kolor.<\/p>\n","protected":false},"author":186,"featured_media":21970,"comment_status":"closed","ping_status":"open","sticky":false,"template":"","format":"standard","meta":{"ngg_post_thumbnail":0,"footnotes":""},"categories":[8],"tags":[],"class_list":["post-21969","post","type-post","status-publish","format-standard","has-post-thumbnail","hentry","category-wydarzenia","clearfix"],"_links":{"self":[{"href":"https:\/\/przedszkole61.edu.wroclaw.pl\/index.php\/wp-json\/wp\/v2\/posts\/21969","targetHints":{"allow":["GET"]}}],"collection":[{"href":"https:\/\/przedszkole61.edu.wroclaw.pl\/index.php\/wp-json\/wp\/v2\/posts"}],"about":[{"href":"https:\/\/przedszkole61.edu.wroclaw.pl\/index.php\/wp-json\/wp\/v2\/types\/post"}],"author":[{"embeddable":true,"href":"https:\/\/przedszkole61.edu.wroclaw.pl\/index.php\/wp-json\/wp\/v2\/users\/186"}],"replies":[{"embeddable":true,"href":"https:\/\/przedszkole61.edu.wroclaw.pl\/index.php\/wp-json\/wp\/v2\/comments?post=21969"}],"version-history":[{"count":1,"href":"https:\/\/przedszkole61.edu.wroclaw.pl\/index.php\/wp-json\/wp\/v2\/posts\/21969\/revisions"}],"predecessor-version":[{"id":24705,"href":"https:\/\/przedszkole61.edu.wroclaw.pl\/index.php\/wp-json\/wp\/v2\/posts\/21969\/revisions\/24705"}],"wp:featuredmedia":[{"embeddable":true,"href":"https:\/\/przedszkole61.edu.wroclaw.pl\/index.php\/wp-json\/wp\/v2\/media\/21970"}],"wp:attachment":[{"href":"https:\/\/przedszkole61.edu.wroclaw.pl\/index.php\/wp-json\/wp\/v2\/media?parent=21969"}],"wp:term":[{"taxonomy":"category","embeddable":true,"href":"https:\/\/przedszkole61.edu.wroclaw.pl\/index.php\/wp-json\/wp\/v2\/categories?post=21969"},{"taxonomy":"post_tag","embeddable":true,"href":"https:\/\/przedszkole61.edu.wroclaw.pl\/index.php\/wp-json\/wp\/v2\/tags?post=21969"}],"curies":[{"name":"wp","href":"https:\/\/api.w.org\/{rel}","templated":true}]}}