
{"id":21982,"date":"2015-10-24T00:00:00","date_gmt":"2015-10-23T22:00:00","guid":{"rendered":"https:\/\/przedszkole61.edu.wroclaw.pl\/index.php\/2015\/10\/24\/doktor-dolittle-teatrzyk-w-przedszkolu\/"},"modified":"2021-04-02T13:32:46","modified_gmt":"2021-04-02T11:32:46","slug":"doktor-dolittle-teatrzyk-w-przedszkolu","status":"publish","type":"post","link":"https:\/\/przedszkole61.edu.wroclaw.pl\/index.php\/2015\/10\/24\/doktor-dolittle-teatrzyk-w-przedszkolu\/","title":{"rendered":"&#8222;Doktor Dolittle&#8221; &#8211; Teatrzyk w przedszkolu"},"content":{"rendered":"<p><strong>23 pa\u017adziernika 2015<\/strong> dzieci obejrza\u0142y przedstawienie pt. &#8222;Doktor Dolittle&#8221; w wykonaniu aktor\u00f3w Teatru Art &#8211; Re z Krakowa. <!--more-->By\u0142a to pe\u0142na humoru, roz\u015bpiewana i rozta\u0144czona opowie\u015b\u0107 o niezwyk\u0142ym lekarzu, znaj\u0105cym mow\u0119 wszystkich zwierz\u0105t.<\/p>\n","protected":false},"excerpt":{"rendered":"<p>23 pa\u017adziernika 2015 dzieci obejrza\u0142y przedstawienie pt. &#8222;Doktor Dolittle&#8221; w wykonaniu aktor\u00f3w Teatru Art &#8211; Re z Krakowa.<\/p>\n","protected":false},"author":186,"featured_media":21983,"comment_status":"closed","ping_status":"open","sticky":false,"template":"","format":"standard","meta":{"ngg_post_thumbnail":0,"footnotes":""},"categories":[8],"tags":[],"class_list":["post-21982","post","type-post","status-publish","format-standard","has-post-thumbnail","hentry","category-wydarzenia","clearfix"],"_links":{"self":[{"href":"https:\/\/przedszkole61.edu.wroclaw.pl\/index.php\/wp-json\/wp\/v2\/posts\/21982","targetHints":{"allow":["GET"]}}],"collection":[{"href":"https:\/\/przedszkole61.edu.wroclaw.pl\/index.php\/wp-json\/wp\/v2\/posts"}],"about":[{"href":"https:\/\/przedszkole61.edu.wroclaw.pl\/index.php\/wp-json\/wp\/v2\/types\/post"}],"author":[{"embeddable":true,"href":"https:\/\/przedszkole61.edu.wroclaw.pl\/index.php\/wp-json\/wp\/v2\/users\/186"}],"replies":[{"embeddable":true,"href":"https:\/\/przedszkole61.edu.wroclaw.pl\/index.php\/wp-json\/wp\/v2\/comments?post=21982"}],"version-history":[{"count":1,"href":"https:\/\/przedszkole61.edu.wroclaw.pl\/index.php\/wp-json\/wp\/v2\/posts\/21982\/revisions"}],"predecessor-version":[{"id":24708,"href":"https:\/\/przedszkole61.edu.wroclaw.pl\/index.php\/wp-json\/wp\/v2\/posts\/21982\/revisions\/24708"}],"wp:featuredmedia":[{"embeddable":true,"href":"https:\/\/przedszkole61.edu.wroclaw.pl\/index.php\/wp-json\/wp\/v2\/media\/21983"}],"wp:attachment":[{"href":"https:\/\/przedszkole61.edu.wroclaw.pl\/index.php\/wp-json\/wp\/v2\/media?parent=21982"}],"wp:term":[{"taxonomy":"category","embeddable":true,"href":"https:\/\/przedszkole61.edu.wroclaw.pl\/index.php\/wp-json\/wp\/v2\/categories?post=21982"},{"taxonomy":"post_tag","embeddable":true,"href":"https:\/\/przedszkole61.edu.wroclaw.pl\/index.php\/wp-json\/wp\/v2\/tags?post=21982"}],"curies":[{"name":"wp","href":"https:\/\/api.w.org\/{rel}","templated":true}]}}