
{"id":21989,"date":"2015-11-08T00:00:00","date_gmt":"2015-11-07T23:00:00","guid":{"rendered":"https:\/\/przedszkole61.edu.wroclaw.pl\/index.php\/2015\/11\/08\/maly-czarodziej-teatrzyk-w-przedszkolu\/"},"modified":"2021-04-02T13:32:46","modified_gmt":"2021-04-02T11:32:46","slug":"maly-czarodziej-teatrzyk-w-przedszkolu","status":"publish","type":"post","link":"https:\/\/przedszkole61.edu.wroclaw.pl\/index.php\/2015\/11\/08\/maly-czarodziej-teatrzyk-w-przedszkolu\/","title":{"rendered":"&#8222;Ma\u0142y czarodziej&#8221; &#8211; Teatrzyk w przedszkolu"},"content":{"rendered":"<p><strong>6 listopada 2015<\/strong> dzieci obejrza\u0142y spektakl pt. &#8222;Ma\u0142y czarodziej&#8221;, w wykonaniu aktor\u00f3w Teatru &#8222;Urwis&#8221;.<!--more--> Ma\u0142y czarodziej, g\u0142\u00f3wny bohater przedstawienia, pr\u00f3buje zg\u0142\u0119bi\u0107 tajemnic\u0119 magii; przekonuje si\u0119 jednak, \u017ce najwi\u0119ksz\u0105 magi\u0105 jest dobro, kt\u00f3re dajemy innym, a ono powraca do nas zawsze ze zdwojon\u0105 si\u0142\u0105.<\/p>\n\n","protected":false},"excerpt":{"rendered":"<p>6 listopada 2015 dzieci obejrza\u0142y spektakl pt. &#8222;Ma\u0142y czarodziej&#8221;, w wykonaniu aktor\u00f3w Teatru &#8222;Urwis&#8221;.<\/p>\n","protected":false},"author":186,"featured_media":21990,"comment_status":"closed","ping_status":"open","sticky":false,"template":"","format":"standard","meta":{"ngg_post_thumbnail":0,"footnotes":""},"categories":[8],"tags":[],"class_list":["post-21989","post","type-post","status-publish","format-standard","has-post-thumbnail","hentry","category-wydarzenia","clearfix"],"_links":{"self":[{"href":"https:\/\/przedszkole61.edu.wroclaw.pl\/index.php\/wp-json\/wp\/v2\/posts\/21989","targetHints":{"allow":["GET"]}}],"collection":[{"href":"https:\/\/przedszkole61.edu.wroclaw.pl\/index.php\/wp-json\/wp\/v2\/posts"}],"about":[{"href":"https:\/\/przedszkole61.edu.wroclaw.pl\/index.php\/wp-json\/wp\/v2\/types\/post"}],"author":[{"embeddable":true,"href":"https:\/\/przedszkole61.edu.wroclaw.pl\/index.php\/wp-json\/wp\/v2\/users\/186"}],"replies":[{"embeddable":true,"href":"https:\/\/przedszkole61.edu.wroclaw.pl\/index.php\/wp-json\/wp\/v2\/comments?post=21989"}],"version-history":[{"count":1,"href":"https:\/\/przedszkole61.edu.wroclaw.pl\/index.php\/wp-json\/wp\/v2\/posts\/21989\/revisions"}],"predecessor-version":[{"id":24711,"href":"https:\/\/przedszkole61.edu.wroclaw.pl\/index.php\/wp-json\/wp\/v2\/posts\/21989\/revisions\/24711"}],"wp:featuredmedia":[{"embeddable":true,"href":"https:\/\/przedszkole61.edu.wroclaw.pl\/index.php\/wp-json\/wp\/v2\/media\/21990"}],"wp:attachment":[{"href":"https:\/\/przedszkole61.edu.wroclaw.pl\/index.php\/wp-json\/wp\/v2\/media?parent=21989"}],"wp:term":[{"taxonomy":"category","embeddable":true,"href":"https:\/\/przedszkole61.edu.wroclaw.pl\/index.php\/wp-json\/wp\/v2\/categories?post=21989"},{"taxonomy":"post_tag","embeddable":true,"href":"https:\/\/przedszkole61.edu.wroclaw.pl\/index.php\/wp-json\/wp\/v2\/tags?post=21989"}],"curies":[{"name":"wp","href":"https:\/\/api.w.org\/{rel}","templated":true}]}}