
{"id":21995,"date":"2015-11-16T00:00:00","date_gmt":"2015-11-15T23:00:00","guid":{"rendered":"https:\/\/przedszkole61.edu.wroclaw.pl\/index.php\/2015\/11\/16\/vii-festiwal-zdrowia\/"},"modified":"2021-04-02T13:32:46","modified_gmt":"2021-04-02T11:32:46","slug":"vii-festiwal-zdrowia","status":"publish","type":"post","link":"https:\/\/przedszkole61.edu.wroclaw.pl\/index.php\/2015\/11\/16\/vii-festiwal-zdrowia\/","title":{"rendered":"VII Festiwal Zdrowia"},"content":{"rendered":"<p><strong>16 listopada 2015<\/strong> dzieci z grupy III reprezentowa\u0142y nasze Przedszkole na VII Festiwalu Zdrowia. W czasie Festiwalu &#8222;Gajowickie Skrzaty&#8221; uczestniczy\u0142y w weso\u0142ych konkurencjach sportowych i zabawach integracyjnych. <!--more-->Dzieci wykaza\u0142y si\u0119 du\u017c\u0105 sprawno\u015bci\u0105 fizyczn\u0105, przestrzega\u0142y zasad zdrowej rywalizacji i wspaniale si\u0119 bawi\u0142y. Po wyczerpuj\u0105cych zmaganiach sportowych by\u0142 czas na odpoczynek i zdrowy pocz\u0119stunek. VII Festiwal Zdrowia zako\u0144czy\u0142 si\u0119 uroczystym wr\u0119czeniem pucharu i dyplomu. Brawo &#8222;Gajowickie Skrzaty&#8221;!<\/p>\n\n","protected":false},"excerpt":{"rendered":"<p>16 listopada 2015 dzieci z grupy III reprezentowa\u0142y nasze Przedszkole na VII Festiwalu Zdrowia. W czasie Festiwalu &#8222;Gajowickie Skrzaty&#8221; uczestniczy\u0142y w weso\u0142ych konkurencjach sportowych i zabawach integracyjnych.<\/p>\n","protected":false},"author":186,"featured_media":21996,"comment_status":"closed","ping_status":"open","sticky":false,"template":"","format":"standard","meta":{"ngg_post_thumbnail":0,"footnotes":""},"categories":[8],"tags":[],"class_list":["post-21995","post","type-post","status-publish","format-standard","has-post-thumbnail","hentry","category-wydarzenia","clearfix"],"_links":{"self":[{"href":"https:\/\/przedszkole61.edu.wroclaw.pl\/index.php\/wp-json\/wp\/v2\/posts\/21995","targetHints":{"allow":["GET"]}}],"collection":[{"href":"https:\/\/przedszkole61.edu.wroclaw.pl\/index.php\/wp-json\/wp\/v2\/posts"}],"about":[{"href":"https:\/\/przedszkole61.edu.wroclaw.pl\/index.php\/wp-json\/wp\/v2\/types\/post"}],"author":[{"embeddable":true,"href":"https:\/\/przedszkole61.edu.wroclaw.pl\/index.php\/wp-json\/wp\/v2\/users\/186"}],"replies":[{"embeddable":true,"href":"https:\/\/przedszkole61.edu.wroclaw.pl\/index.php\/wp-json\/wp\/v2\/comments?post=21995"}],"version-history":[{"count":1,"href":"https:\/\/przedszkole61.edu.wroclaw.pl\/index.php\/wp-json\/wp\/v2\/posts\/21995\/revisions"}],"predecessor-version":[{"id":24713,"href":"https:\/\/przedszkole61.edu.wroclaw.pl\/index.php\/wp-json\/wp\/v2\/posts\/21995\/revisions\/24713"}],"wp:featuredmedia":[{"embeddable":true,"href":"https:\/\/przedszkole61.edu.wroclaw.pl\/index.php\/wp-json\/wp\/v2\/media\/21996"}],"wp:attachment":[{"href":"https:\/\/przedszkole61.edu.wroclaw.pl\/index.php\/wp-json\/wp\/v2\/media?parent=21995"}],"wp:term":[{"taxonomy":"category","embeddable":true,"href":"https:\/\/przedszkole61.edu.wroclaw.pl\/index.php\/wp-json\/wp\/v2\/categories?post=21995"},{"taxonomy":"post_tag","embeddable":true,"href":"https:\/\/przedszkole61.edu.wroclaw.pl\/index.php\/wp-json\/wp\/v2\/tags?post=21995"}],"curies":[{"name":"wp","href":"https:\/\/api.w.org\/{rel}","templated":true}]}}