
{"id":22028,"date":"2015-11-28T00:00:00","date_gmt":"2015-11-27T23:00:00","guid":{"rendered":"https:\/\/przedszkole61.edu.wroclaw.pl\/index.php\/2015\/11\/28\/ruch-to-zdrowie-rozstrzygniecie-konkursu-rodzinnego\/"},"modified":"2021-04-02T13:32:46","modified_gmt":"2021-04-02T11:32:46","slug":"ruch-to-zdrowie-rozstrzygniecie-konkursu-rodzinnego","status":"publish","type":"post","link":"https:\/\/przedszkole61.edu.wroclaw.pl\/index.php\/2015\/11\/28\/ruch-to-zdrowie-rozstrzygniecie-konkursu-rodzinnego\/","title":{"rendered":"&#8222;Ruch to zdrowie&#8221; &#8211; Rozstrzygni\u0119cie Konkursu Rodzinnego"},"content":{"rendered":"<p><strong>27 listopada 2015<\/strong> odby\u0142 si\u0119 fina\u0142 Rodzinnego Konkursu plastyczno &#8211; literackiego pt. &#8222;Ruch to zdrowie&#8221;. Cel konkursu to: propagowanie zdrowego trybu \u017cycia i aktywnego wypoczynku.<!--more--> Do konkursu zg\u0142oszono 24 prace 23 autor\u00f3w. Pi\u0119kne, pomys\u0142owe, estetycznie wykonane prace konkursowe spe\u0142ni\u0142y kryteria konkursu &#8211; wszyscy uczestnicy konkursu spisali si\u0119 na medal. Dzi\u0119ki konkursowi poznalismy pasje sportowe i zainteresowania naszych przedszkolak\u00f3w oraz talenty plastyczne i literackie. Wszyscy uczestnicy konkursu zostali nagrodzeni pami\u0105tkowymi dyplomami i nagrodami: ksi\u0105\u017ckami i kolorowymi skakankami. Gratulujemy! Dzi\u0119kujemy Rodzicom i Dzieciom za udzia\u0142 w konkursie. Zapraszamy do obejrzenia wystawy pokonkursowej w holu przedszkola.<\/p>\n\n","protected":false},"excerpt":{"rendered":"<p>27 listopada 2015 odby\u0142 si\u0119 fina\u0142 Rodzinnego Konkursu plastyczno &#8211; literackiego pt. &#8222;Ruch to zdrowie&#8221;. Cel konkursu to: propagowanie zdrowego trybu \u017cycia i aktywnego wypoczynku.<\/p>\n","protected":false},"author":186,"featured_media":22029,"comment_status":"closed","ping_status":"open","sticky":false,"template":"","format":"standard","meta":{"ngg_post_thumbnail":0,"footnotes":""},"categories":[8],"tags":[],"class_list":["post-22028","post","type-post","status-publish","format-standard","has-post-thumbnail","hentry","category-wydarzenia","clearfix"],"_links":{"self":[{"href":"https:\/\/przedszkole61.edu.wroclaw.pl\/index.php\/wp-json\/wp\/v2\/posts\/22028","targetHints":{"allow":["GET"]}}],"collection":[{"href":"https:\/\/przedszkole61.edu.wroclaw.pl\/index.php\/wp-json\/wp\/v2\/posts"}],"about":[{"href":"https:\/\/przedszkole61.edu.wroclaw.pl\/index.php\/wp-json\/wp\/v2\/types\/post"}],"author":[{"embeddable":true,"href":"https:\/\/przedszkole61.edu.wroclaw.pl\/index.php\/wp-json\/wp\/v2\/users\/186"}],"replies":[{"embeddable":true,"href":"https:\/\/przedszkole61.edu.wroclaw.pl\/index.php\/wp-json\/wp\/v2\/comments?post=22028"}],"version-history":[{"count":1,"href":"https:\/\/przedszkole61.edu.wroclaw.pl\/index.php\/wp-json\/wp\/v2\/posts\/22028\/revisions"}],"predecessor-version":[{"id":24716,"href":"https:\/\/przedszkole61.edu.wroclaw.pl\/index.php\/wp-json\/wp\/v2\/posts\/22028\/revisions\/24716"}],"wp:featuredmedia":[{"embeddable":true,"href":"https:\/\/przedszkole61.edu.wroclaw.pl\/index.php\/wp-json\/wp\/v2\/media\/22029"}],"wp:attachment":[{"href":"https:\/\/przedszkole61.edu.wroclaw.pl\/index.php\/wp-json\/wp\/v2\/media?parent=22028"}],"wp:term":[{"taxonomy":"category","embeddable":true,"href":"https:\/\/przedszkole61.edu.wroclaw.pl\/index.php\/wp-json\/wp\/v2\/categories?post=22028"},{"taxonomy":"post_tag","embeddable":true,"href":"https:\/\/przedszkole61.edu.wroclaw.pl\/index.php\/wp-json\/wp\/v2\/tags?post=22028"}],"curies":[{"name":"wp","href":"https:\/\/api.w.org\/{rel}","templated":true}]}}