
{"id":22056,"date":"2015-12-01T00:00:00","date_gmt":"2015-11-30T23:00:00","guid":{"rendered":"https:\/\/przedszkole61.edu.wroclaw.pl\/index.php\/2015\/12\/01\/wyroznienia-w-konkursie-artystyczno-ekologicznym\/"},"modified":"2021-04-02T13:32:46","modified_gmt":"2021-04-02T11:32:46","slug":"wyroznienia-w-konkursie-artystyczno-ekologicznym","status":"publish","type":"post","link":"https:\/\/przedszkole61.edu.wroclaw.pl\/index.php\/2015\/12\/01\/wyroznienia-w-konkursie-artystyczno-ekologicznym\/","title":{"rendered":"Wyr\u00f3\u017cnienia w Konkursie Artystyczno &#8211; Ekologicznym"},"content":{"rendered":"<p>Z ogromn\u0105 rado\u015bci\u0105 informujemy, \u017ce dziewczynki z grupy IV: <strong>Lena<\/strong> i <strong>Madzia<\/strong>, otrzyma\u0142y wyr\u00f3\u017cnienia w Otwartym Mi\u0119dzyszkolnym Konkursie Artystyczno &#8211; Ekologicznym na projekt Ekoulotki o tematyce &#8222;Ochrona r\u00f3\u017cnorodno\u015bci biologicznej &#8211; fauna&#8221;. <!--more-->Dziewczynki zosta\u0142y nagrodzone pami\u0105tkowymi dyplomami oraz nagrodami rzeczowymi. Konkurs zosta\u0142 zorganizowany przez Przedszkole nr 58 oraz Centrum Kszta\u0142cenia Ustawicznego we Wroc\u0142awiu w ramach projektu ekologicznego &#8222;M\u00f3j zielony Dom&#8221;. Gratulujemy i \u017cyczymy dalszych sukces\u00f3w!<\/p>\n\n","protected":false},"excerpt":{"rendered":"<p>Z ogromn\u0105 rado\u015bci\u0105 informujemy, \u017ce dziewczynki z grupy IV: Lena i Madzia, otrzyma\u0142y wyr\u00f3\u017cnienia w Otwartym Mi\u0119dzyszkolnym Konkursie Artystyczno &#8211; Ekologicznym na projekt Ekoulotki o tematyce &#8222;Ochrona r\u00f3\u017cnorodno\u015bci biologicznej &#8211; [&hellip;]<\/p>\n","protected":false},"author":186,"featured_media":22057,"comment_status":"closed","ping_status":"open","sticky":false,"template":"","format":"standard","meta":{"ngg_post_thumbnail":0,"footnotes":""},"categories":[8],"tags":[],"class_list":["post-22056","post","type-post","status-publish","format-standard","has-post-thumbnail","hentry","category-wydarzenia","clearfix"],"_links":{"self":[{"href":"https:\/\/przedszkole61.edu.wroclaw.pl\/index.php\/wp-json\/wp\/v2\/posts\/22056","targetHints":{"allow":["GET"]}}],"collection":[{"href":"https:\/\/przedszkole61.edu.wroclaw.pl\/index.php\/wp-json\/wp\/v2\/posts"}],"about":[{"href":"https:\/\/przedszkole61.edu.wroclaw.pl\/index.php\/wp-json\/wp\/v2\/types\/post"}],"author":[{"embeddable":true,"href":"https:\/\/przedszkole61.edu.wroclaw.pl\/index.php\/wp-json\/wp\/v2\/users\/186"}],"replies":[{"embeddable":true,"href":"https:\/\/przedszkole61.edu.wroclaw.pl\/index.php\/wp-json\/wp\/v2\/comments?post=22056"}],"version-history":[{"count":1,"href":"https:\/\/przedszkole61.edu.wroclaw.pl\/index.php\/wp-json\/wp\/v2\/posts\/22056\/revisions"}],"predecessor-version":[{"id":24717,"href":"https:\/\/przedszkole61.edu.wroclaw.pl\/index.php\/wp-json\/wp\/v2\/posts\/22056\/revisions\/24717"}],"wp:featuredmedia":[{"embeddable":true,"href":"https:\/\/przedszkole61.edu.wroclaw.pl\/index.php\/wp-json\/wp\/v2\/media\/22057"}],"wp:attachment":[{"href":"https:\/\/przedszkole61.edu.wroclaw.pl\/index.php\/wp-json\/wp\/v2\/media?parent=22056"}],"wp:term":[{"taxonomy":"category","embeddable":true,"href":"https:\/\/przedszkole61.edu.wroclaw.pl\/index.php\/wp-json\/wp\/v2\/categories?post=22056"},{"taxonomy":"post_tag","embeddable":true,"href":"https:\/\/przedszkole61.edu.wroclaw.pl\/index.php\/wp-json\/wp\/v2\/tags?post=22056"}],"curies":[{"name":"wp","href":"https:\/\/api.w.org\/{rel}","templated":true}]}}