
{"id":22068,"date":"2015-12-05T00:00:00","date_gmt":"2015-12-04T23:00:00","guid":{"rendered":"https:\/\/przedszkole61.edu.wroclaw.pl\/index.php\/2015\/12\/05\/piekna-nasza-polska-cala\/"},"modified":"2021-04-02T13:32:47","modified_gmt":"2021-04-02T11:32:47","slug":"piekna-nasza-polska-cala","status":"publish","type":"post","link":"https:\/\/przedszkole61.edu.wroclaw.pl\/index.php\/2015\/12\/05\/piekna-nasza-polska-cala\/","title":{"rendered":"&#8222;Pi\u0119kna Nasza Polska Ca\u0142a&#8221;"},"content":{"rendered":"<p><strong>Przedszkolaki z grupy V: Hania, Marianka i Janek<\/strong> otrzyma\u0142y pami\u0105tkowe dyplomy za udzia\u0142 w konkursie plastycznym pt. &#8222;Pi\u0119kna Nasza Polska Ca\u0142a&#8221;, organizowanym przez Przedszkole nr 66 &#8222;Bajkolandia&#8221; we Wroc\u0142awiu. Tematem pracy konkursowej by\u0142o przedstawienie symboli i barw narodowych. <!--more-->Dzieci namalowa\u0142y god\u0142o Polski. Gratulujemy pierwszych sukces\u00f3w!<\/p>\n\n","protected":false},"excerpt":{"rendered":"<p>Przedszkolaki z grupy V: Hania, Marianka i Janek otrzyma\u0142y pami\u0105tkowe dyplomy za udzia\u0142 w konkursie plastycznym pt. &#8222;Pi\u0119kna Nasza Polska Ca\u0142a&#8221;, organizowanym przez Przedszkole nr 66 &#8222;Bajkolandia&#8221; we Wroc\u0142awiu. Tematem [&hellip;]<\/p>\n","protected":false},"author":186,"featured_media":22069,"comment_status":"closed","ping_status":"open","sticky":false,"template":"","format":"standard","meta":{"ngg_post_thumbnail":0,"footnotes":""},"categories":[8],"tags":[],"class_list":["post-22068","post","type-post","status-publish","format-standard","has-post-thumbnail","hentry","category-wydarzenia","clearfix"],"_links":{"self":[{"href":"https:\/\/przedszkole61.edu.wroclaw.pl\/index.php\/wp-json\/wp\/v2\/posts\/22068","targetHints":{"allow":["GET"]}}],"collection":[{"href":"https:\/\/przedszkole61.edu.wroclaw.pl\/index.php\/wp-json\/wp\/v2\/posts"}],"about":[{"href":"https:\/\/przedszkole61.edu.wroclaw.pl\/index.php\/wp-json\/wp\/v2\/types\/post"}],"author":[{"embeddable":true,"href":"https:\/\/przedszkole61.edu.wroclaw.pl\/index.php\/wp-json\/wp\/v2\/users\/186"}],"replies":[{"embeddable":true,"href":"https:\/\/przedszkole61.edu.wroclaw.pl\/index.php\/wp-json\/wp\/v2\/comments?post=22068"}],"version-history":[{"count":1,"href":"https:\/\/przedszkole61.edu.wroclaw.pl\/index.php\/wp-json\/wp\/v2\/posts\/22068\/revisions"}],"predecessor-version":[{"id":24721,"href":"https:\/\/przedszkole61.edu.wroclaw.pl\/index.php\/wp-json\/wp\/v2\/posts\/22068\/revisions\/24721"}],"wp:featuredmedia":[{"embeddable":true,"href":"https:\/\/przedszkole61.edu.wroclaw.pl\/index.php\/wp-json\/wp\/v2\/media\/22069"}],"wp:attachment":[{"href":"https:\/\/przedszkole61.edu.wroclaw.pl\/index.php\/wp-json\/wp\/v2\/media?parent=22068"}],"wp:term":[{"taxonomy":"category","embeddable":true,"href":"https:\/\/przedszkole61.edu.wroclaw.pl\/index.php\/wp-json\/wp\/v2\/categories?post=22068"},{"taxonomy":"post_tag","embeddable":true,"href":"https:\/\/przedszkole61.edu.wroclaw.pl\/index.php\/wp-json\/wp\/v2\/tags?post=22068"}],"curies":[{"name":"wp","href":"https:\/\/api.w.org\/{rel}","templated":true}]}}