
{"id":22077,"date":"2015-12-20T00:00:00","date_gmt":"2015-12-19T23:00:00","guid":{"rendered":"https:\/\/przedszkole61.edu.wroclaw.pl\/index.php\/2015\/12\/20\/kiermasz-swiateczny-3\/"},"modified":"2021-04-02T13:32:47","modified_gmt":"2021-04-02T11:32:47","slug":"kiermasz-swiateczny-3","status":"publish","type":"post","link":"https:\/\/przedszkole61.edu.wroclaw.pl\/index.php\/2015\/12\/20\/kiermasz-swiateczny-3\/","title":{"rendered":"&#8222;Kiermasz \u015awi\u0105teczny&#8221;"},"content":{"rendered":"<p><strong>16 grudnia 2015<\/strong> odby\u0142 si\u0119 w naszym przedszkolu Kiermasz \u015awi\u0105teczny, na kt\u00f3rym mo\u017cna by\u0142o podziwia\u0107 i zakupi\u0107 ozdoby \u015bwi\u0105teczne wykonane przez dzieci.<!--more--> Doch\u00f3d z kiermaszu zostanie przeznaczony na zakup mebli do sal. Dzi\u0119kujemy wszystkim Rodzicom za udzia\u0142 w kiermaszu.<\/p>\n\n","protected":false},"excerpt":{"rendered":"<p>16 grudnia 2015 odby\u0142 si\u0119 w naszym przedszkolu Kiermasz \u015awi\u0105teczny, na kt\u00f3rym mo\u017cna by\u0142o podziwia\u0107 i zakupi\u0107 ozdoby \u015bwi\u0105teczne wykonane przez dzieci.<\/p>\n","protected":false},"author":186,"featured_media":22078,"comment_status":"closed","ping_status":"open","sticky":false,"template":"","format":"standard","meta":{"ngg_post_thumbnail":0,"footnotes":""},"categories":[8],"tags":[],"class_list":["post-22077","post","type-post","status-publish","format-standard","has-post-thumbnail","hentry","category-wydarzenia","clearfix"],"_links":{"self":[{"href":"https:\/\/przedszkole61.edu.wroclaw.pl\/index.php\/wp-json\/wp\/v2\/posts\/22077","targetHints":{"allow":["GET"]}}],"collection":[{"href":"https:\/\/przedszkole61.edu.wroclaw.pl\/index.php\/wp-json\/wp\/v2\/posts"}],"about":[{"href":"https:\/\/przedszkole61.edu.wroclaw.pl\/index.php\/wp-json\/wp\/v2\/types\/post"}],"author":[{"embeddable":true,"href":"https:\/\/przedszkole61.edu.wroclaw.pl\/index.php\/wp-json\/wp\/v2\/users\/186"}],"replies":[{"embeddable":true,"href":"https:\/\/przedszkole61.edu.wroclaw.pl\/index.php\/wp-json\/wp\/v2\/comments?post=22077"}],"version-history":[{"count":1,"href":"https:\/\/przedszkole61.edu.wroclaw.pl\/index.php\/wp-json\/wp\/v2\/posts\/22077\/revisions"}],"predecessor-version":[{"id":24724,"href":"https:\/\/przedszkole61.edu.wroclaw.pl\/index.php\/wp-json\/wp\/v2\/posts\/22077\/revisions\/24724"}],"wp:featuredmedia":[{"embeddable":true,"href":"https:\/\/przedszkole61.edu.wroclaw.pl\/index.php\/wp-json\/wp\/v2\/media\/22078"}],"wp:attachment":[{"href":"https:\/\/przedszkole61.edu.wroclaw.pl\/index.php\/wp-json\/wp\/v2\/media?parent=22077"}],"wp:term":[{"taxonomy":"category","embeddable":true,"href":"https:\/\/przedszkole61.edu.wroclaw.pl\/index.php\/wp-json\/wp\/v2\/categories?post=22077"},{"taxonomy":"post_tag","embeddable":true,"href":"https:\/\/przedszkole61.edu.wroclaw.pl\/index.php\/wp-json\/wp\/v2\/tags?post=22077"}],"curies":[{"name":"wp","href":"https:\/\/api.w.org\/{rel}","templated":true}]}}