
{"id":22083,"date":"2015-12-22T00:00:00","date_gmt":"2015-12-21T23:00:00","guid":{"rendered":"https:\/\/przedszkole61.edu.wroclaw.pl\/index.php\/2015\/12\/22\/czerwone-jabluszko\/"},"modified":"2021-04-02T13:32:47","modified_gmt":"2021-04-02T11:32:47","slug":"czerwone-jabluszko","status":"publish","type":"post","link":"https:\/\/przedszkole61.edu.wroclaw.pl\/index.php\/2015\/12\/22\/czerwone-jabluszko\/","title":{"rendered":"&#8222;Czerwone jab\u0142uszko&#8221;"},"content":{"rendered":"<p><strong>Przedszkolaki z grupy IV: Dominika, Krysia i Tomek<\/strong> otrzyma\u0142y pami\u0105tkowe dyplomy oraz ksi\u0105\u017ceczki za udzia\u0142 w konkursie plastyczno &#8211; literackim pt. &#8222;Czerwone jab\u0142uszko&#8221;. <!--more-->Konkurs zosta\u0142 zorganizowany przez Przedszkole nr 47 &#8222;Le\u015bny Ludek&#8221; pod patronatem Wydzia\u0142u Zdrowia i Spraw Spo\u0142ecznych Urz\u0119du Miejskiego Wroc\u0142awia w ramach projektu &#8222;Smacznie, zdrowo, warto\u015bciowo!&#8221; Zadaniem uczestnik\u00f3w konkursu by\u0142o przygotowanie pracy plastycznej i u\u0142o\u017cenie kr\u00f3tkiej rymowanki nawi\u0105zuj\u0105cej do tematu konkursu.\u00a0 Ma\u0142ym Artystom gratulujemy talentu!<\/p>\n\n","protected":false},"excerpt":{"rendered":"<p>Przedszkolaki z grupy IV: Dominika, Krysia i Tomek otrzyma\u0142y pami\u0105tkowe dyplomy oraz ksi\u0105\u017ceczki za udzia\u0142 w konkursie plastyczno &#8211; literackim pt. &#8222;Czerwone jab\u0142uszko&#8221;.<\/p>\n","protected":false},"author":186,"featured_media":22084,"comment_status":"closed","ping_status":"open","sticky":false,"template":"","format":"standard","meta":{"ngg_post_thumbnail":0,"footnotes":""},"categories":[8],"tags":[],"class_list":["post-22083","post","type-post","status-publish","format-standard","has-post-thumbnail","hentry","category-wydarzenia","clearfix"],"_links":{"self":[{"href":"https:\/\/przedszkole61.edu.wroclaw.pl\/index.php\/wp-json\/wp\/v2\/posts\/22083","targetHints":{"allow":["GET"]}}],"collection":[{"href":"https:\/\/przedszkole61.edu.wroclaw.pl\/index.php\/wp-json\/wp\/v2\/posts"}],"about":[{"href":"https:\/\/przedszkole61.edu.wroclaw.pl\/index.php\/wp-json\/wp\/v2\/types\/post"}],"author":[{"embeddable":true,"href":"https:\/\/przedszkole61.edu.wroclaw.pl\/index.php\/wp-json\/wp\/v2\/users\/186"}],"replies":[{"embeddable":true,"href":"https:\/\/przedszkole61.edu.wroclaw.pl\/index.php\/wp-json\/wp\/v2\/comments?post=22083"}],"version-history":[{"count":1,"href":"https:\/\/przedszkole61.edu.wroclaw.pl\/index.php\/wp-json\/wp\/v2\/posts\/22083\/revisions"}],"predecessor-version":[{"id":24725,"href":"https:\/\/przedszkole61.edu.wroclaw.pl\/index.php\/wp-json\/wp\/v2\/posts\/22083\/revisions\/24725"}],"wp:featuredmedia":[{"embeddable":true,"href":"https:\/\/przedszkole61.edu.wroclaw.pl\/index.php\/wp-json\/wp\/v2\/media\/22084"}],"wp:attachment":[{"href":"https:\/\/przedszkole61.edu.wroclaw.pl\/index.php\/wp-json\/wp\/v2\/media?parent=22083"}],"wp:term":[{"taxonomy":"category","embeddable":true,"href":"https:\/\/przedszkole61.edu.wroclaw.pl\/index.php\/wp-json\/wp\/v2\/categories?post=22083"},{"taxonomy":"post_tag","embeddable":true,"href":"https:\/\/przedszkole61.edu.wroclaw.pl\/index.php\/wp-json\/wp\/v2\/tags?post=22083"}],"curies":[{"name":"wp","href":"https:\/\/api.w.org\/{rel}","templated":true}]}}