
{"id":22095,"date":"2020-03-18T00:00:00","date_gmt":"2020-03-17T23:00:00","guid":{"rendered":"https:\/\/przedszkole61.edu.wroclaw.pl\/index.php\/2016\/01\/21\/wycieczka-do-szkoly-podstawowej-nr-61\/"},"modified":"2021-04-02T13:33:19","modified_gmt":"2021-04-02T11:33:19","slug":"wycieczka-do-szkoly-podstawowej-nr-61-3","status":"publish","type":"post","link":"https:\/\/przedszkole61.edu.wroclaw.pl\/index.php\/2020\/03\/18\/wycieczka-do-szkoly-podstawowej-nr-61-3\/","title":{"rendered":"Wycieczka do Szko\u0142y Podstawowej nr 61"},"content":{"rendered":"<p><strong>6 marca 2020<\/strong> dzieci z grupy V wybra\u0142y si\u0119 na wycieczk\u0119 do Szko\u0142y Podstawowej nr 61 przy ul. Skarbowc\u00f3w. <!--more-->\u201eGajowickie Skrzaty\u201d po raz pierwszy usiad\u0142y do \u0142awek; uczy\u0142y i bawi\u0142y si\u0119 wsp\u00f3lnie ze starszymi kolegami z klasy III. To by\u0142 dzie\u0144 pe\u0142en wra\u017ce\u0144.<\/p>\n\n","protected":false},"excerpt":{"rendered":"<p>6 marca 2020 dzieci z grupy V wybra\u0142y si\u0119 na wycieczk\u0119 do Szko\u0142y Podstawowej nr 61 przy ul. Skarbowc\u00f3w.<\/p>\n","protected":false},"author":186,"featured_media":23844,"comment_status":"closed","ping_status":"open","sticky":false,"template":"","format":"standard","meta":{"ngg_post_thumbnail":0,"footnotes":""},"categories":[8],"tags":[],"class_list":["post-22095","post","type-post","status-publish","format-standard","has-post-thumbnail","hentry","category-wydarzenia","clearfix"],"_links":{"self":[{"href":"https:\/\/przedszkole61.edu.wroclaw.pl\/index.php\/wp-json\/wp\/v2\/posts\/22095","targetHints":{"allow":["GET"]}}],"collection":[{"href":"https:\/\/przedszkole61.edu.wroclaw.pl\/index.php\/wp-json\/wp\/v2\/posts"}],"about":[{"href":"https:\/\/przedszkole61.edu.wroclaw.pl\/index.php\/wp-json\/wp\/v2\/types\/post"}],"author":[{"embeddable":true,"href":"https:\/\/przedszkole61.edu.wroclaw.pl\/index.php\/wp-json\/wp\/v2\/users\/186"}],"replies":[{"embeddable":true,"href":"https:\/\/przedszkole61.edu.wroclaw.pl\/index.php\/wp-json\/wp\/v2\/comments?post=22095"}],"version-history":[{"count":5,"href":"https:\/\/przedszkole61.edu.wroclaw.pl\/index.php\/wp-json\/wp\/v2\/posts\/22095\/revisions"}],"predecessor-version":[{"id":25027,"href":"https:\/\/przedszkole61.edu.wroclaw.pl\/index.php\/wp-json\/wp\/v2\/posts\/22095\/revisions\/25027"}],"wp:featuredmedia":[{"embeddable":true,"href":"https:\/\/przedszkole61.edu.wroclaw.pl\/index.php\/wp-json\/wp\/v2\/media\/23844"}],"wp:attachment":[{"href":"https:\/\/przedszkole61.edu.wroclaw.pl\/index.php\/wp-json\/wp\/v2\/media?parent=22095"}],"wp:term":[{"taxonomy":"category","embeddable":true,"href":"https:\/\/przedszkole61.edu.wroclaw.pl\/index.php\/wp-json\/wp\/v2\/categories?post=22095"},{"taxonomy":"post_tag","embeddable":true,"href":"https:\/\/przedszkole61.edu.wroclaw.pl\/index.php\/wp-json\/wp\/v2\/tags?post=22095"}],"curies":[{"name":"wp","href":"https:\/\/api.w.org\/{rel}","templated":true}]}}