
{"id":22101,"date":"2016-02-03T00:00:00","date_gmt":"2016-02-02T23:00:00","guid":{"rendered":"https:\/\/przedszkole61.edu.wroclaw.pl\/index.php\/2016\/02\/03\/w-krainie-ozdob-swiatecznych\/"},"modified":"2021-04-02T13:32:48","modified_gmt":"2021-04-02T11:32:48","slug":"w-krainie-ozdob-swiatecznych","status":"publish","type":"post","link":"https:\/\/przedszkole61.edu.wroclaw.pl\/index.php\/2016\/02\/03\/w-krainie-ozdob-swiatecznych\/","title":{"rendered":"&#8222;W krainie ozd\u00f3b \u015bwi\u0105tecznych&#8221;"},"content":{"rendered":"<p><strong>Lena z grupy IV<\/strong> reprezentowa\u0142a nasze przedszkole w konkursie plastycznym pt. &#8222;W krainie ozd\u00f3b \u015bwi\u0105tecznych&#8221;, organizowanym przez Przedszkole nr 51 we Wroc\u0142awiu.<!--more--> Lena wykona\u0142a na konkurs pi\u0119kn\u0105 ozdob\u0119 na choink\u0119 &#8211; Anio\u0142ka z papieru i bibu\u0142y. Za udzia\u0142 w konkursie dziewczynka otrzyma\u0142a pami\u0105tkowy dyplom. Gratulujemy!<\/p>\n\n","protected":false},"excerpt":{"rendered":"<p>Lena z grupy IV reprezentowa\u0142a nasze przedszkole w konkursie plastycznym pt. &#8222;W krainie ozd\u00f3b \u015bwi\u0105tecznych&#8221;, organizowanym przez Przedszkole nr 51 we Wroc\u0142awiu.<\/p>\n","protected":false},"author":186,"featured_media":22102,"comment_status":"closed","ping_status":"open","sticky":false,"template":"","format":"standard","meta":{"ngg_post_thumbnail":0,"footnotes":""},"categories":[8],"tags":[],"class_list":["post-22101","post","type-post","status-publish","format-standard","has-post-thumbnail","hentry","category-wydarzenia","clearfix"],"_links":{"self":[{"href":"https:\/\/przedszkole61.edu.wroclaw.pl\/index.php\/wp-json\/wp\/v2\/posts\/22101","targetHints":{"allow":["GET"]}}],"collection":[{"href":"https:\/\/przedszkole61.edu.wroclaw.pl\/index.php\/wp-json\/wp\/v2\/posts"}],"about":[{"href":"https:\/\/przedszkole61.edu.wroclaw.pl\/index.php\/wp-json\/wp\/v2\/types\/post"}],"author":[{"embeddable":true,"href":"https:\/\/przedszkole61.edu.wroclaw.pl\/index.php\/wp-json\/wp\/v2\/users\/186"}],"replies":[{"embeddable":true,"href":"https:\/\/przedszkole61.edu.wroclaw.pl\/index.php\/wp-json\/wp\/v2\/comments?post=22101"}],"version-history":[{"count":1,"href":"https:\/\/przedszkole61.edu.wroclaw.pl\/index.php\/wp-json\/wp\/v2\/posts\/22101\/revisions"}],"predecessor-version":[{"id":24731,"href":"https:\/\/przedszkole61.edu.wroclaw.pl\/index.php\/wp-json\/wp\/v2\/posts\/22101\/revisions\/24731"}],"wp:featuredmedia":[{"embeddable":true,"href":"https:\/\/przedszkole61.edu.wroclaw.pl\/index.php\/wp-json\/wp\/v2\/media\/22102"}],"wp:attachment":[{"href":"https:\/\/przedszkole61.edu.wroclaw.pl\/index.php\/wp-json\/wp\/v2\/media?parent=22101"}],"wp:term":[{"taxonomy":"category","embeddable":true,"href":"https:\/\/przedszkole61.edu.wroclaw.pl\/index.php\/wp-json\/wp\/v2\/categories?post=22101"},{"taxonomy":"post_tag","embeddable":true,"href":"https:\/\/przedszkole61.edu.wroclaw.pl\/index.php\/wp-json\/wp\/v2\/tags?post=22101"}],"curies":[{"name":"wp","href":"https:\/\/api.w.org\/{rel}","templated":true}]}}