
{"id":22103,"date":"2016-02-10T00:00:00","date_gmt":"2016-02-09T23:00:00","guid":{"rendered":"https:\/\/przedszkole61.edu.wroclaw.pl\/index.php\/2016\/02\/10\/dominika-na-medal\/"},"modified":"2021-04-02T13:32:48","modified_gmt":"2021-04-02T11:32:48","slug":"dominika-na-medal","status":"publish","type":"post","link":"https:\/\/przedszkole61.edu.wroclaw.pl\/index.php\/2016\/02\/10\/dominika-na-medal\/","title":{"rendered":"Dominika &#8222;na medal&#8221;"},"content":{"rendered":"<p><strong>Dla Dominiki z grupy IV<\/strong> bieganie to pasja i rado\u015b\u0107. Dziewczynka od dw\u00f3ch lat reprezentuje nasze przedszkole w maratonach, odnosz\u0105c sukcesy. Z ogromn\u0105 dum\u0105 prezentujemy sportowe trofea Dominiki i czekamy na kolejne osi\u0105gni\u0119cia. \u017byczymy Dominice samych z\u0142otych medali!<!--more--><\/p>\n<p>\u00a0<\/p>\n\n","protected":false},"excerpt":{"rendered":"<p>Dla Dominiki z grupy IV bieganie to pasja i rado\u015b\u0107. Dziewczynka od dw\u00f3ch lat reprezentuje nasze przedszkole w maratonach, odnosz\u0105c sukcesy. Z ogromn\u0105 dum\u0105 prezentujemy sportowe trofea Dominiki i czekamy [&hellip;]<\/p>\n","protected":false},"author":186,"featured_media":22104,"comment_status":"closed","ping_status":"open","sticky":false,"template":"","format":"standard","meta":{"ngg_post_thumbnail":0,"footnotes":""},"categories":[8],"tags":[],"class_list":["post-22103","post","type-post","status-publish","format-standard","has-post-thumbnail","hentry","category-wydarzenia","clearfix"],"_links":{"self":[{"href":"https:\/\/przedszkole61.edu.wroclaw.pl\/index.php\/wp-json\/wp\/v2\/posts\/22103","targetHints":{"allow":["GET"]}}],"collection":[{"href":"https:\/\/przedszkole61.edu.wroclaw.pl\/index.php\/wp-json\/wp\/v2\/posts"}],"about":[{"href":"https:\/\/przedszkole61.edu.wroclaw.pl\/index.php\/wp-json\/wp\/v2\/types\/post"}],"author":[{"embeddable":true,"href":"https:\/\/przedszkole61.edu.wroclaw.pl\/index.php\/wp-json\/wp\/v2\/users\/186"}],"replies":[{"embeddable":true,"href":"https:\/\/przedszkole61.edu.wroclaw.pl\/index.php\/wp-json\/wp\/v2\/comments?post=22103"}],"version-history":[{"count":1,"href":"https:\/\/przedszkole61.edu.wroclaw.pl\/index.php\/wp-json\/wp\/v2\/posts\/22103\/revisions"}],"predecessor-version":[{"id":24732,"href":"https:\/\/przedszkole61.edu.wroclaw.pl\/index.php\/wp-json\/wp\/v2\/posts\/22103\/revisions\/24732"}],"wp:featuredmedia":[{"embeddable":true,"href":"https:\/\/przedszkole61.edu.wroclaw.pl\/index.php\/wp-json\/wp\/v2\/media\/22104"}],"wp:attachment":[{"href":"https:\/\/przedszkole61.edu.wroclaw.pl\/index.php\/wp-json\/wp\/v2\/media?parent=22103"}],"wp:term":[{"taxonomy":"category","embeddable":true,"href":"https:\/\/przedszkole61.edu.wroclaw.pl\/index.php\/wp-json\/wp\/v2\/categories?post=22103"},{"taxonomy":"post_tag","embeddable":true,"href":"https:\/\/przedszkole61.edu.wroclaw.pl\/index.php\/wp-json\/wp\/v2\/tags?post=22103"}],"curies":[{"name":"wp","href":"https:\/\/api.w.org\/{rel}","templated":true}]}}