
{"id":22117,"date":"2016-03-18T00:00:00","date_gmt":"2016-03-17T23:00:00","guid":{"rendered":"https:\/\/przedszkole61.edu.wroclaw.pl\/index.php\/2016\/03\/18\/wroclaw-na-scenie\/"},"modified":"2021-04-02T13:32:49","modified_gmt":"2021-04-02T11:32:49","slug":"wroclaw-na-scenie","status":"publish","type":"post","link":"https:\/\/przedszkole61.edu.wroclaw.pl\/index.php\/2016\/03\/18\/wroclaw-na-scenie\/","title":{"rendered":"&#8222;Wroc\u0142aw na scenie&#8221;"},"content":{"rendered":"<p><strong>16 marca 2016<\/strong> w Przedszkolu nr 31 odby\u0142a si\u0119 <strong>I edycja &#8222;Przegl\u0105du wiersza, piosenki i etiudy&#8221; pt.\u00a0 &#8222;Wroc\u0142aw na scenie&#8221;<\/strong>. Nasze przedszkole reprezentowa\u0142y dzieci z grupy IV: Ania i Miko\u0142aj. <!--more-->Przedszkolaki przedstawi\u0142y adaptacj\u0119 wiersza Jana Brzechwy pt. &#8222;Pch\u0142a Szachrajka &#8230; jedzie do Wroc\u0142awia&#8221;. Gratulujemy dzieciom wspania\u0142ego wyst\u0119pu!<\/p>\n\n<p>Pch\u0142a Szachrajka my\u015bli sobie:<\/p>\n<p>\u201eTu nic wi\u0119cej nie przeskrobi\u0119,<br \/>\nTutaj ka\u017cdy mnie obmawia,<br \/>\nTrudno. <b>Jad\u0119 do Wroc\u0142awia.\u201d<\/b> (\u2026)<\/p>\n<p>Po cichutku si\u0119 ubra\u0142a i na dworzec pojecha\u0142a. A poci\u0105gu ani \u015bladu &#8230;<\/p>\n<p>T\u0142um tymczasem ci\u0105gle wzrasta,<br \/>\nNowi ludzie ci\u0105gn\u0105 z miasta<br \/>\nZ walizkami, z tobo\u0142kami,<br \/>\nZ dzie\u0107mi, z psami, z kanarkami\u2026<\/p>\n<p>Och, jak t\u0142oczno! Uf, jak ciasno!<br \/>\nTrudno znale\u017a\u0107 nog\u0119 w\u0142asn\u0105,<\/p>\n<p>A tu nowa fala pcha si\u0119<\/p>\n<p>W poczekalni i przy kasie,<\/p>\n<p>I w kolejki si\u0119 ustawia \u2013 <b>Wszyscy jad\u0105 do Wroc\u0142awia!<\/b> (\u2026)<\/p>\n<p>Wreszcie przyszed\u0142 maszynista, pu\u015bci\u0142 par\u0119 i za\u015bwista\u0142,<\/p>\n<p>Z kolegami porozmawia\u0142,<\/p>\n<p><b>Po czym ruszy\u0142 do Wroc\u0142awia<\/b>. (\u2026)<\/p>\n<p>Mam si\u0119 gnie\u015b\u0107 w\u015br\u00f3d tylu os\u00f3b?<\/p>\n<p>Wiem, co zrobi\u0119! Mam ju\u017c spos\u00f3b!&#8221;<\/p>\n<p>Naraz wielki krzyk podnios\u0142a<\/p>\n<p>Na\u015bladuj\u0105c konduktora:<\/p>\n<p><strong>&#8222;Wro-c\u0142aw! Wro-c\u0142aw!<\/strong><\/p>\n<p>Prosz\u0119 pa\u0144stwa, kto wysiada,<\/p>\n<p>Niech wysiada i nie gada!<\/p>\n<p>Ludzie ze snu przebudzeni<\/p>\n<p>Wyskakuj\u0105 jak szaleni,<\/p>\n<p>A po chwili poci\u0105g ruszy\u0142 .. .<\/p>\n<p>Pch\u0142a si\u0119 cieszy z ca\u0142ej duszy.<br \/>\nSama jedna pozosta\u0142a.<br \/>\nPrzedzia\u0142 du\u017cy, a Pch\u0142a ma\u0142a,<br \/>\nWi\u0119c wygodnie si\u0119 rozsiad\u0142a<br \/>\nI babeczk\u0119 z kremem zjad\u0142a.<br \/>\nWkr\u00f3tce z dumn\u0105 min\u0105 pawia<br \/>\n<b>Zajecha\u0142a do Wroc\u0142awia.<\/b><\/p>\n","protected":false},"excerpt":{"rendered":"<p>16 marca 2016 w Przedszkolu nr 31 odby\u0142a si\u0119 I edycja &#8222;Przegl\u0105du wiersza, piosenki i etiudy&#8221; pt.\u00a0 &#8222;Wroc\u0142aw na scenie&#8221;. Nasze przedszkole reprezentowa\u0142y dzieci z grupy IV: Ania i Miko\u0142aj.<\/p>\n","protected":false},"author":186,"featured_media":22118,"comment_status":"closed","ping_status":"open","sticky":false,"template":"","format":"standard","meta":{"ngg_post_thumbnail":0,"footnotes":""},"categories":[8],"tags":[],"class_list":["post-22117","post","type-post","status-publish","format-standard","has-post-thumbnail","hentry","category-wydarzenia","clearfix"],"_links":{"self":[{"href":"https:\/\/przedszkole61.edu.wroclaw.pl\/index.php\/wp-json\/wp\/v2\/posts\/22117","targetHints":{"allow":["GET"]}}],"collection":[{"href":"https:\/\/przedszkole61.edu.wroclaw.pl\/index.php\/wp-json\/wp\/v2\/posts"}],"about":[{"href":"https:\/\/przedszkole61.edu.wroclaw.pl\/index.php\/wp-json\/wp\/v2\/types\/post"}],"author":[{"embeddable":true,"href":"https:\/\/przedszkole61.edu.wroclaw.pl\/index.php\/wp-json\/wp\/v2\/users\/186"}],"replies":[{"embeddable":true,"href":"https:\/\/przedszkole61.edu.wroclaw.pl\/index.php\/wp-json\/wp\/v2\/comments?post=22117"}],"version-history":[{"count":1,"href":"https:\/\/przedszkole61.edu.wroclaw.pl\/index.php\/wp-json\/wp\/v2\/posts\/22117\/revisions"}],"predecessor-version":[{"id":24738,"href":"https:\/\/przedszkole61.edu.wroclaw.pl\/index.php\/wp-json\/wp\/v2\/posts\/22117\/revisions\/24738"}],"wp:featuredmedia":[{"embeddable":true,"href":"https:\/\/przedszkole61.edu.wroclaw.pl\/index.php\/wp-json\/wp\/v2\/media\/22118"}],"wp:attachment":[{"href":"https:\/\/przedszkole61.edu.wroclaw.pl\/index.php\/wp-json\/wp\/v2\/media?parent=22117"}],"wp:term":[{"taxonomy":"category","embeddable":true,"href":"https:\/\/przedszkole61.edu.wroclaw.pl\/index.php\/wp-json\/wp\/v2\/categories?post=22117"},{"taxonomy":"post_tag","embeddable":true,"href":"https:\/\/przedszkole61.edu.wroclaw.pl\/index.php\/wp-json\/wp\/v2\/tags?post=22117"}],"curies":[{"name":"wp","href":"https:\/\/api.w.org\/{rel}","templated":true}]}}