
{"id":22133,"date":"2017-04-18T00:00:00","date_gmt":"2017-04-17T22:00:00","guid":{"rendered":"https:\/\/przedszkole61.edu.wroclaw.pl\/index.php\/2016\/03\/29\/pisanki-kraszanki-jajka-malowane\/"},"modified":"2021-04-02T13:32:54","modified_gmt":"2021-04-02T11:32:54","slug":"pisanki-kraszanki-jajka-malowane-2","status":"publish","type":"post","link":"https:\/\/przedszkole61.edu.wroclaw.pl\/index.php\/2017\/04\/18\/pisanki-kraszanki-jajka-malowane-2\/","title":{"rendered":"&#8222;Pisanki, kraszanki, jajka malowane&#8221;"},"content":{"rendered":"<p><strong>W kwietniu 2017<\/strong> nasze przedszkole by\u0142o organizatorem III edycji konkursu plastycznego pt. &#8222;Pisanki, kraszanki, jajka malowane&#8221;, dla wroc\u0142awskich przedszkoli.<!--more-->Konkurs przeznaczony by\u0142 dla dzieci\u00a0 3 &#8211; 6 letnich. Celem konkursu by\u0142o: kultywowanie tradycji zwi\u0105zanych ze \u015awi\u0119tami Wielkanocnymi, rozwijanie umiej\u0119tno\u015bci plastycznych i kreatywno\u015bci oraz wymiana do\u015bwiadcze\u0144 i pomys\u0142\u00f3w plastycznych. W konkursie wzi\u0119\u0142o udzia\u0142\u00a0 20 przedszkoli: P &#8211; 4, P &#8211; 6, P &#8211; 13, P &#8211; 21, P &#8211; 22, P &#8211; 25, P &#8211; 28, P &#8211; 51, P &#8211; 56, P &#8211; 57, P &#8211; 58, P &#8211; 88, P &#8211; 123, P &#8211; 126, P &#8211; 133, P 146, P 150, ZSzP &#8211; 3, ZSzP &#8211; 4, ZSzP 9<\/p>\n<p>Zapraszamy do obejrzenia wystawy pokonkursowej w holu przedszkola oraz na naszej stronie internetowej.<\/p>\n<p><strong>Wszyscy uczestnicy konkursu otrzymaj\u0105 pami\u0105tkowe dyplomy. Dzi\u0119kujemy dzieciom i nauczycielom za udzia\u0142 w konkursie.<\/strong><\/p>\n\n","protected":false},"excerpt":{"rendered":"<p>W kwietniu 2017 nasze przedszkole by\u0142o organizatorem III edycji konkursu plastycznego pt. &#8222;Pisanki, kraszanki, jajka malowane&#8221;, dla wroc\u0142awskich przedszkoli.<\/p>\n","protected":false},"author":186,"featured_media":22471,"comment_status":"closed","ping_status":"open","sticky":false,"template":"","format":"standard","meta":{"ngg_post_thumbnail":0,"footnotes":""},"categories":[8],"tags":[],"class_list":["post-22133","post","type-post","status-publish","format-standard","has-post-thumbnail","hentry","category-wydarzenia","clearfix"],"_links":{"self":[{"href":"https:\/\/przedszkole61.edu.wroclaw.pl\/index.php\/wp-json\/wp\/v2\/posts\/22133","targetHints":{"allow":["GET"]}}],"collection":[{"href":"https:\/\/przedszkole61.edu.wroclaw.pl\/index.php\/wp-json\/wp\/v2\/posts"}],"about":[{"href":"https:\/\/przedszkole61.edu.wroclaw.pl\/index.php\/wp-json\/wp\/v2\/types\/post"}],"author":[{"embeddable":true,"href":"https:\/\/przedszkole61.edu.wroclaw.pl\/index.php\/wp-json\/wp\/v2\/users\/186"}],"replies":[{"embeddable":true,"href":"https:\/\/przedszkole61.edu.wroclaw.pl\/index.php\/wp-json\/wp\/v2\/comments?post=22133"}],"version-history":[{"count":3,"href":"https:\/\/przedszkole61.edu.wroclaw.pl\/index.php\/wp-json\/wp\/v2\/posts\/22133\/revisions"}],"predecessor-version":[{"id":24800,"href":"https:\/\/przedszkole61.edu.wroclaw.pl\/index.php\/wp-json\/wp\/v2\/posts\/22133\/revisions\/24800"}],"wp:featuredmedia":[{"embeddable":true,"href":"https:\/\/przedszkole61.edu.wroclaw.pl\/index.php\/wp-json\/wp\/v2\/media\/22471"}],"wp:attachment":[{"href":"https:\/\/przedszkole61.edu.wroclaw.pl\/index.php\/wp-json\/wp\/v2\/media?parent=22133"}],"wp:term":[{"taxonomy":"category","embeddable":true,"href":"https:\/\/przedszkole61.edu.wroclaw.pl\/index.php\/wp-json\/wp\/v2\/categories?post=22133"},{"taxonomy":"post_tag","embeddable":true,"href":"https:\/\/przedszkole61.edu.wroclaw.pl\/index.php\/wp-json\/wp\/v2\/tags?post=22133"}],"curies":[{"name":"wp","href":"https:\/\/api.w.org\/{rel}","templated":true}]}}