
{"id":22146,"date":"2016-04-12T00:00:00","date_gmt":"2016-04-11T22:00:00","guid":{"rendered":"https:\/\/przedszkole61.edu.wroclaw.pl\/index.php\/2016\/04\/12\/kwiatowe-bombardowanie\/"},"modified":"2021-04-02T13:32:49","modified_gmt":"2021-04-02T11:32:49","slug":"kwiatowe-bombardowanie","status":"publish","type":"post","link":"https:\/\/przedszkole61.edu.wroclaw.pl\/index.php\/2016\/04\/12\/kwiatowe-bombardowanie\/","title":{"rendered":"&#8222;Kwiatowe bombardowanie&#8221;"},"content":{"rendered":"<p>Przedszkolaki z grupy II wzi\u0119\u0142y udzia\u0142 w happeningu &#8222;Kwiatowe bombardowanie &#8211; zaprojektuj, zmie\u0144, zaziele\u0144&#8221; w ramach projektu ekologicznego &#8222;Nasz Czysty Wroc\u0142aw&#8221;. <!--more-->Projekt zosta\u0142 obj\u0119ty honorowym patronatem Pani Anny Szarycz &#8211; wiceprezydent Wroc\u0142awia. Z ziemi, gliny i nasion kwiat\u00f3w, dzieci wykona\u0142y &#8222;kwiatowe bomby&#8221;, kt\u00f3rymi &#8222;zbombardowa\u0142y&#8221; przedszkoln\u0105 rabatk\u0119 &#8230; Teraz z niecierpliwo\u015bci\u0105 czekaj\u0105 na efekty swojej pracy.<\/p>\n\n","protected":false},"excerpt":{"rendered":"<p>Przedszkolaki z grupy II wzi\u0119\u0142y udzia\u0142 w happeningu &#8222;Kwiatowe bombardowanie &#8211; zaprojektuj, zmie\u0144, zaziele\u0144&#8221; w ramach projektu ekologicznego &#8222;Nasz Czysty Wroc\u0142aw&#8221;.<\/p>\n","protected":false},"author":186,"featured_media":22147,"comment_status":"closed","ping_status":"open","sticky":false,"template":"","format":"standard","meta":{"ngg_post_thumbnail":0,"footnotes":""},"categories":[8],"tags":[],"class_list":["post-22146","post","type-post","status-publish","format-standard","has-post-thumbnail","hentry","category-wydarzenia","clearfix"],"_links":{"self":[{"href":"https:\/\/przedszkole61.edu.wroclaw.pl\/index.php\/wp-json\/wp\/v2\/posts\/22146","targetHints":{"allow":["GET"]}}],"collection":[{"href":"https:\/\/przedszkole61.edu.wroclaw.pl\/index.php\/wp-json\/wp\/v2\/posts"}],"about":[{"href":"https:\/\/przedszkole61.edu.wroclaw.pl\/index.php\/wp-json\/wp\/v2\/types\/post"}],"author":[{"embeddable":true,"href":"https:\/\/przedszkole61.edu.wroclaw.pl\/index.php\/wp-json\/wp\/v2\/users\/186"}],"replies":[{"embeddable":true,"href":"https:\/\/przedszkole61.edu.wroclaw.pl\/index.php\/wp-json\/wp\/v2\/comments?post=22146"}],"version-history":[{"count":1,"href":"https:\/\/przedszkole61.edu.wroclaw.pl\/index.php\/wp-json\/wp\/v2\/posts\/22146\/revisions"}],"predecessor-version":[{"id":24745,"href":"https:\/\/przedszkole61.edu.wroclaw.pl\/index.php\/wp-json\/wp\/v2\/posts\/22146\/revisions\/24745"}],"wp:featuredmedia":[{"embeddable":true,"href":"https:\/\/przedszkole61.edu.wroclaw.pl\/index.php\/wp-json\/wp\/v2\/media\/22147"}],"wp:attachment":[{"href":"https:\/\/przedszkole61.edu.wroclaw.pl\/index.php\/wp-json\/wp\/v2\/media?parent=22146"}],"wp:term":[{"taxonomy":"category","embeddable":true,"href":"https:\/\/przedszkole61.edu.wroclaw.pl\/index.php\/wp-json\/wp\/v2\/categories?post=22146"},{"taxonomy":"post_tag","embeddable":true,"href":"https:\/\/przedszkole61.edu.wroclaw.pl\/index.php\/wp-json\/wp\/v2\/tags?post=22146"}],"curies":[{"name":"wp","href":"https:\/\/api.w.org\/{rel}","templated":true}]}}