
{"id":22154,"date":"2016-04-13T00:00:00","date_gmt":"2016-04-12T22:00:00","guid":{"rendered":"https:\/\/przedszkole61.edu.wroclaw.pl\/index.php\/2016\/04\/13\/gimnastyka-na-trawie\/"},"modified":"2021-04-02T13:32:50","modified_gmt":"2021-04-02T11:32:50","slug":"gimnastyka-na-trawie","status":"publish","type":"post","link":"https:\/\/przedszkole61.edu.wroclaw.pl\/index.php\/2016\/04\/13\/gimnastyka-na-trawie\/","title":{"rendered":"&#8222;Gimnastyka na trawie&#8221;"},"content":{"rendered":"<p>Pani Agnieszka &#8211; nauczyciel gimnastyki korekcyjnej w naszym przedszkolu, rozpocz\u0119\u0142a cykl zaj\u0119\u0107 gimnastycznych w ogrodzie przedszkolnym. <!--more-->Na pierwsze wiosenne &#8222;\u0107wiczenia na trawie&#8221; zaprosi\u0142a dzieci z grupy IV. Ka\u017cdy przedszkolak z wielk\u0105 rado\u015bci\u0105 i ochot\u0105 wykonywa\u0142 wszystkie \u0107wiczenia; by\u0142y skoki i podskoki, biegi, sk\u0142ony i wyprosty, a na koniec ulubiona zabawa &#8222;Murarz&#8221;. By\u0142o bardzo zdrowo, sportowo i zielono!<\/p>\n\n","protected":false},"excerpt":{"rendered":"<p>Pani Agnieszka &#8211; nauczyciel gimnastyki korekcyjnej w naszym przedszkolu, rozpocz\u0119\u0142a cykl zaj\u0119\u0107 gimnastycznych w ogrodzie przedszkolnym.<\/p>\n","protected":false},"author":186,"featured_media":22155,"comment_status":"closed","ping_status":"open","sticky":false,"template":"","format":"standard","meta":{"ngg_post_thumbnail":0,"footnotes":""},"categories":[8],"tags":[],"class_list":["post-22154","post","type-post","status-publish","format-standard","has-post-thumbnail","hentry","category-wydarzenia","clearfix"],"_links":{"self":[{"href":"https:\/\/przedszkole61.edu.wroclaw.pl\/index.php\/wp-json\/wp\/v2\/posts\/22154","targetHints":{"allow":["GET"]}}],"collection":[{"href":"https:\/\/przedszkole61.edu.wroclaw.pl\/index.php\/wp-json\/wp\/v2\/posts"}],"about":[{"href":"https:\/\/przedszkole61.edu.wroclaw.pl\/index.php\/wp-json\/wp\/v2\/types\/post"}],"author":[{"embeddable":true,"href":"https:\/\/przedszkole61.edu.wroclaw.pl\/index.php\/wp-json\/wp\/v2\/users\/186"}],"replies":[{"embeddable":true,"href":"https:\/\/przedszkole61.edu.wroclaw.pl\/index.php\/wp-json\/wp\/v2\/comments?post=22154"}],"version-history":[{"count":1,"href":"https:\/\/przedszkole61.edu.wroclaw.pl\/index.php\/wp-json\/wp\/v2\/posts\/22154\/revisions"}],"predecessor-version":[{"id":24747,"href":"https:\/\/przedszkole61.edu.wroclaw.pl\/index.php\/wp-json\/wp\/v2\/posts\/22154\/revisions\/24747"}],"wp:featuredmedia":[{"embeddable":true,"href":"https:\/\/przedszkole61.edu.wroclaw.pl\/index.php\/wp-json\/wp\/v2\/media\/22155"}],"wp:attachment":[{"href":"https:\/\/przedszkole61.edu.wroclaw.pl\/index.php\/wp-json\/wp\/v2\/media?parent=22154"}],"wp:term":[{"taxonomy":"category","embeddable":true,"href":"https:\/\/przedszkole61.edu.wroclaw.pl\/index.php\/wp-json\/wp\/v2\/categories?post=22154"},{"taxonomy":"post_tag","embeddable":true,"href":"https:\/\/przedszkole61.edu.wroclaw.pl\/index.php\/wp-json\/wp\/v2\/tags?post=22154"}],"curies":[{"name":"wp","href":"https:\/\/api.w.org\/{rel}","templated":true}]}}