
{"id":22162,"date":"2016-04-22T00:00:00","date_gmt":"2016-04-21T22:00:00","guid":{"rendered":"https:\/\/przedszkole61.edu.wroclaw.pl\/index.php\/2016\/04\/22\/przeglad-piosenki-wiosennej\/"},"modified":"2021-04-02T13:32:50","modified_gmt":"2021-04-02T11:32:50","slug":"przeglad-piosenki-wiosennej","status":"publish","type":"post","link":"https:\/\/przedszkole61.edu.wroclaw.pl\/index.php\/2016\/04\/22\/przeglad-piosenki-wiosennej\/","title":{"rendered":"Przegl\u0105d Piosenki Wiosennej"},"content":{"rendered":"<p><strong>21 kwietnia 2016<\/strong> dzieci z grupy IV uczestniczy\u0142y w Mi\u0119dzyprzedszkolnym Przegl\u0105dzie Piosenki Wiosennej, organizowanym przez Zesp\u00f3\u0142 Szkolno &#8211; Przedszkolny nr 17 przy ulicy Wieczystej. <!--more-->W Przegl\u0105dzie uczestniczy\u0142o 15 przedszkoli z Wroc\u0142awia. Dzieci z grupy IV za\u015bpiewa\u0142y piosenk\u0119 pt. &#8222;Idzie Wiosna&#8221;, do kt\u00f3rej wykona\u0142y improwizacj\u0119 ruchow\u0105; przedszkolaki przygotowa\u0142y samodzielnie rekwizyty do piosenki. Du\u017cym prze\u017cyciem dla dzieci by\u0142 wyst\u0119p przed tak liczn\u0105 widowni\u0105 oraz mo\u017cliwo\u015b\u0107 obejrzenia wyst\u0119p\u00f3w r\u00f3wie\u015bnik\u00f3w z innych przedszkoli. Wszystkie przedszkolaki otrzyma\u0142y dyplomy oraz pami\u0105tkow\u0105 statuetk\u0119 dla grupy. To by\u0142 wspania\u0142y wyst\u0119p! Brawo dzieci!<\/p>\n\n","protected":false},"excerpt":{"rendered":"<p>21 kwietnia 2016 dzieci z grupy IV uczestniczy\u0142y w Mi\u0119dzyprzedszkolnym Przegl\u0105dzie Piosenki Wiosennej, organizowanym przez Zesp\u00f3\u0142 Szkolno &#8211; Przedszkolny nr 17 przy ulicy Wieczystej.<\/p>\n","protected":false},"author":186,"featured_media":22163,"comment_status":"closed","ping_status":"open","sticky":false,"template":"","format":"standard","meta":{"ngg_post_thumbnail":0,"footnotes":""},"categories":[8],"tags":[],"class_list":["post-22162","post","type-post","status-publish","format-standard","has-post-thumbnail","hentry","category-wydarzenia","clearfix"],"_links":{"self":[{"href":"https:\/\/przedszkole61.edu.wroclaw.pl\/index.php\/wp-json\/wp\/v2\/posts\/22162","targetHints":{"allow":["GET"]}}],"collection":[{"href":"https:\/\/przedszkole61.edu.wroclaw.pl\/index.php\/wp-json\/wp\/v2\/posts"}],"about":[{"href":"https:\/\/przedszkole61.edu.wroclaw.pl\/index.php\/wp-json\/wp\/v2\/types\/post"}],"author":[{"embeddable":true,"href":"https:\/\/przedszkole61.edu.wroclaw.pl\/index.php\/wp-json\/wp\/v2\/users\/186"}],"replies":[{"embeddable":true,"href":"https:\/\/przedszkole61.edu.wroclaw.pl\/index.php\/wp-json\/wp\/v2\/comments?post=22162"}],"version-history":[{"count":1,"href":"https:\/\/przedszkole61.edu.wroclaw.pl\/index.php\/wp-json\/wp\/v2\/posts\/22162\/revisions"}],"predecessor-version":[{"id":24750,"href":"https:\/\/przedszkole61.edu.wroclaw.pl\/index.php\/wp-json\/wp\/v2\/posts\/22162\/revisions\/24750"}],"wp:featuredmedia":[{"embeddable":true,"href":"https:\/\/przedszkole61.edu.wroclaw.pl\/index.php\/wp-json\/wp\/v2\/media\/22163"}],"wp:attachment":[{"href":"https:\/\/przedszkole61.edu.wroclaw.pl\/index.php\/wp-json\/wp\/v2\/media?parent=22162"}],"wp:term":[{"taxonomy":"category","embeddable":true,"href":"https:\/\/przedszkole61.edu.wroclaw.pl\/index.php\/wp-json\/wp\/v2\/categories?post=22162"},{"taxonomy":"post_tag","embeddable":true,"href":"https:\/\/przedszkole61.edu.wroclaw.pl\/index.php\/wp-json\/wp\/v2\/tags?post=22162"}],"curies":[{"name":"wp","href":"https:\/\/api.w.org\/{rel}","templated":true}]}}