
{"id":22166,"date":"2016-05-04T00:00:00","date_gmt":"2016-05-03T22:00:00","guid":{"rendered":"https:\/\/przedszkole61.edu.wroclaw.pl\/index.php\/2016\/05\/04\/wiosna-zdrowo-na-sportowo-kampania-prozdrowotna-w-przedszkolu\/"},"modified":"2021-04-02T13:32:50","modified_gmt":"2021-04-02T11:32:50","slug":"wiosna-zdrowo-na-sportowo-kampania-prozdrowotna-w-przedszkolu","status":"publish","type":"post","link":"https:\/\/przedszkole61.edu.wroclaw.pl\/index.php\/2016\/05\/04\/wiosna-zdrowo-na-sportowo-kampania-prozdrowotna-w-przedszkolu\/","title":{"rendered":"&#8222;Wiosn\u0105 zdrowo na sportowo&#8221; &#8211; kampania prozdrowotna w przedszkolu"},"content":{"rendered":"<p><strong>W dniach 25. 04.\u00a0 &#8211; 29. 04. 2016<\/strong> odby\u0142a si\u0119 w przedszkolu kampania prozdrowotna pt. &#8222;Wiosn\u0105 zdrowo na sportowo&#8221;. Cel kampanii: propagowanie zdrowego stylu \u017cycia i aktywnego wypoczynku w okresie wiosennym.<!--more--> W trakcie kampanii, dzieci m. in.:<\/p>\n<ul>\n<li><strong>Podczas spotkania z lekarzem stomatologiem Pani\u0105 Izabel\u0105 Tokarz pozna\u0142y zasady higieny jamy ustnej oraz zasady zdrowego od\u017cywiania<\/strong><\/li>\n<\/ul>\n\n<ul>\n<li><strong>\u0106wiczy\u0142y i weso\u0142o bawi\u0142y si\u0119 z kadr\u0105 trenersk\u0105 Szk\u00f3\u0142ki Pi\u0142karskiej &#8222;FC&#8221; Wroc\u0142aw<\/strong><\/li>\n<\/ul>\n\n<ul>\n<li><strong>Poznawa\u0142y wiosenne dyscypliny sportowe<\/strong><\/li>\n<\/ul>\n\n<ul>\n<li><strong>Bra\u0142y udzia\u0142 w Rodzinnym Konkursie Plastycznym na gr\u0119 planszow\u0105 pt. &#8222;Wiosn\u0105 zdrowo na sportowo&#8221;<\/strong><\/li>\n<\/ul>\n\n<p><strong>Dzi\u0119kujemy Rodzicom za pomoc w realizacji kampanii prozdrowotnej.<\/strong><\/p>\n","protected":false},"excerpt":{"rendered":"<p>W dniach 25. 04.\u00a0 &#8211; 29. 04. 2016 odby\u0142a si\u0119 w przedszkolu kampania prozdrowotna pt. &#8222;Wiosn\u0105 zdrowo na sportowo&#8221;. Cel kampanii: propagowanie zdrowego stylu \u017cycia i aktywnego wypoczynku w okresie [&hellip;]<\/p>\n","protected":false},"author":186,"featured_media":22167,"comment_status":"closed","ping_status":"open","sticky":false,"template":"","format":"standard","meta":{"ngg_post_thumbnail":0,"footnotes":""},"categories":[8],"tags":[],"class_list":["post-22166","post","type-post","status-publish","format-standard","has-post-thumbnail","hentry","category-wydarzenia","clearfix"],"_links":{"self":[{"href":"https:\/\/przedszkole61.edu.wroclaw.pl\/index.php\/wp-json\/wp\/v2\/posts\/22166","targetHints":{"allow":["GET"]}}],"collection":[{"href":"https:\/\/przedszkole61.edu.wroclaw.pl\/index.php\/wp-json\/wp\/v2\/posts"}],"about":[{"href":"https:\/\/przedszkole61.edu.wroclaw.pl\/index.php\/wp-json\/wp\/v2\/types\/post"}],"author":[{"embeddable":true,"href":"https:\/\/przedszkole61.edu.wroclaw.pl\/index.php\/wp-json\/wp\/v2\/users\/186"}],"replies":[{"embeddable":true,"href":"https:\/\/przedszkole61.edu.wroclaw.pl\/index.php\/wp-json\/wp\/v2\/comments?post=22166"}],"version-history":[{"count":1,"href":"https:\/\/przedszkole61.edu.wroclaw.pl\/index.php\/wp-json\/wp\/v2\/posts\/22166\/revisions"}],"predecessor-version":[{"id":24751,"href":"https:\/\/przedszkole61.edu.wroclaw.pl\/index.php\/wp-json\/wp\/v2\/posts\/22166\/revisions\/24751"}],"wp:featuredmedia":[{"embeddable":true,"href":"https:\/\/przedszkole61.edu.wroclaw.pl\/index.php\/wp-json\/wp\/v2\/media\/22167"}],"wp:attachment":[{"href":"https:\/\/przedszkole61.edu.wroclaw.pl\/index.php\/wp-json\/wp\/v2\/media?parent=22166"}],"wp:term":[{"taxonomy":"category","embeddable":true,"href":"https:\/\/przedszkole61.edu.wroclaw.pl\/index.php\/wp-json\/wp\/v2\/categories?post=22166"},{"taxonomy":"post_tag","embeddable":true,"href":"https:\/\/przedszkole61.edu.wroclaw.pl\/index.php\/wp-json\/wp\/v2\/tags?post=22166"}],"curies":[{"name":"wp","href":"https:\/\/api.w.org\/{rel}","templated":true}]}}