
{"id":22185,"date":"2016-05-04T00:00:00","date_gmt":"2016-05-03T22:00:00","guid":{"rendered":"https:\/\/przedszkole61.edu.wroclaw.pl\/index.php\/2016\/05\/04\/ii-miejsce-w-miedzynarodowym-konkursie-ekologiczno-prozdrowotnym\/"},"modified":"2021-04-02T13:32:50","modified_gmt":"2021-04-02T11:32:50","slug":"ii-miejsce-w-miedzynarodowym-konkursie-ekologiczno-prozdrowotnym","status":"publish","type":"post","link":"https:\/\/przedszkole61.edu.wroclaw.pl\/index.php\/2016\/05\/04\/ii-miejsce-w-miedzynarodowym-konkursie-ekologiczno-prozdrowotnym\/","title":{"rendered":"II Miejsce w Mi\u0119dzynarodowym Konkursie Ekologiczno &#8211; Prozdrowotnym"},"content":{"rendered":"<p>IX Mi\u0119dzynarodowy Konkurs Ekologiczno &#8211; Prozdrowotny pod has\u0142em &#8222;Smacznie, zdrowo, kolorowo. Nasze zdrowie z sad\u00f3w, ogrod\u00f3w, p\u00f3l i \u0142\u0105k&#8221; we wsp\u00f3\u0142pracy z Wydzia\u0142em Zdrowia i Spraw Spo\u0142ecznych Urz\u0119du Miejskiego we Wroc\u0142awiu pod honorowym patronatem Uniwersytetu Przyrodniczego we Wroc\u0142awiu. <!--more-->Uroczysta Gala Fina\u0142owa konkursu odby\u0142a sie 28 kwietnia 2016 w Szkole Podstawowej nr 118 we Wroc\u0142awiu. <strong>Dzieci z grupy V zdoby\u0142y w konkursie wysokie &#8211; II miejsce w kategorii: &#8222;Kukie\u0142ka z kuchennej szuflady&#8221;.<\/strong> Prace plastyczne naszych &#8222;Skrzat\u00f3w&#8221;, spe\u0142nia\u0142y wszystkie wymagania regulaminu konkursu i zosta\u0142y ocenione za wysoki poziom artystyczny. Dzieci zwiedza\u0142y pokonkursow\u0105 wystaw\u0119 prac i uczestniczy\u0142y w uroczystej gali programu artystycznego. Nagrody i dyplomy naszym &#8222;ma\u0142ym artystom&#8221; wr\u0119cza\u0142a dyrektor Szko\u0142y\u00a0 &#8211; Pani\u00a0 Barbara Rotte oraz dietetyk &#8211; Pani Anna Kwiatek. Serdecznie gratulujemy finalistom:<\/p>\n<ul>\n<li>\u0141ucji J. &#8222;Kucharka Sza\u0142wiowa&#8221;<\/li>\n<li>Michalince L. &#8222;Kucharka Majerankowa&#8221;<\/li>\n<li>Zosi K. &#8222;Kucharka Tymiankowa&#8221;<\/li>\n<li>Zosi M.B. &#8222;Kucharz Koperek&#8221;<\/li>\n<li>Oliwierowi G. &#8222;Kucharz Rozmaryn&#8221;<\/li>\n<\/ul>\n<p>&#8230; i \u017cyczymy dalszych sukces\u00f3w!<\/p>\n\n","protected":false},"excerpt":{"rendered":"<p>IX Mi\u0119dzynarodowy Konkurs Ekologiczno &#8211; Prozdrowotny pod has\u0142em &#8222;Smacznie, zdrowo, kolorowo. Nasze zdrowie z sad\u00f3w, ogrod\u00f3w, p\u00f3l i \u0142\u0105k&#8221; we wsp\u00f3\u0142pracy z Wydzia\u0142em Zdrowia i Spraw Spo\u0142ecznych Urz\u0119du Miejskiego we [&hellip;]<\/p>\n","protected":false},"author":186,"featured_media":22186,"comment_status":"closed","ping_status":"open","sticky":false,"template":"","format":"standard","meta":{"ngg_post_thumbnail":0,"footnotes":""},"categories":[8],"tags":[],"class_list":["post-22185","post","type-post","status-publish","format-standard","has-post-thumbnail","hentry","category-wydarzenia","clearfix"],"_links":{"self":[{"href":"https:\/\/przedszkole61.edu.wroclaw.pl\/index.php\/wp-json\/wp\/v2\/posts\/22185","targetHints":{"allow":["GET"]}}],"collection":[{"href":"https:\/\/przedszkole61.edu.wroclaw.pl\/index.php\/wp-json\/wp\/v2\/posts"}],"about":[{"href":"https:\/\/przedszkole61.edu.wroclaw.pl\/index.php\/wp-json\/wp\/v2\/types\/post"}],"author":[{"embeddable":true,"href":"https:\/\/przedszkole61.edu.wroclaw.pl\/index.php\/wp-json\/wp\/v2\/users\/186"}],"replies":[{"embeddable":true,"href":"https:\/\/przedszkole61.edu.wroclaw.pl\/index.php\/wp-json\/wp\/v2\/comments?post=22185"}],"version-history":[{"count":1,"href":"https:\/\/przedszkole61.edu.wroclaw.pl\/index.php\/wp-json\/wp\/v2\/posts\/22185\/revisions"}],"predecessor-version":[{"id":24752,"href":"https:\/\/przedszkole61.edu.wroclaw.pl\/index.php\/wp-json\/wp\/v2\/posts\/22185\/revisions\/24752"}],"wp:featuredmedia":[{"embeddable":true,"href":"https:\/\/przedszkole61.edu.wroclaw.pl\/index.php\/wp-json\/wp\/v2\/media\/22186"}],"wp:attachment":[{"href":"https:\/\/przedszkole61.edu.wroclaw.pl\/index.php\/wp-json\/wp\/v2\/media?parent=22185"}],"wp:term":[{"taxonomy":"category","embeddable":true,"href":"https:\/\/przedszkole61.edu.wroclaw.pl\/index.php\/wp-json\/wp\/v2\/categories?post=22185"},{"taxonomy":"post_tag","embeddable":true,"href":"https:\/\/przedszkole61.edu.wroclaw.pl\/index.php\/wp-json\/wp\/v2\/tags?post=22185"}],"curies":[{"name":"wp","href":"https:\/\/api.w.org\/{rel}","templated":true}]}}