
{"id":22198,"date":"2016-05-13T00:00:00","date_gmt":"2016-05-12T22:00:00","guid":{"rendered":"https:\/\/przedszkole61.edu.wroclaw.pl\/index.php\/2016\/05\/13\/wyroznienie-w-konkursie-plastycznym\/"},"modified":"2021-04-02T13:32:50","modified_gmt":"2021-04-02T11:32:50","slug":"wyroznienie-w-konkursie-plastycznym","status":"publish","type":"post","link":"https:\/\/przedszkole61.edu.wroclaw.pl\/index.php\/2016\/05\/13\/wyroznienie-w-konkursie-plastycznym\/","title":{"rendered":"Wyr\u00f3\u017cnienie w konkursie plastycznym"},"content":{"rendered":"<p>Dziewczynki z grupy IV: <strong>Ania i Ola<\/strong> zdoby\u0142y wyr\u00f3\u017cnienie w konkursie plastycznym &#8222;Obraz radosny Pani Wiosny&#8221;, organizowanym przez Przedszkole nr 123 we Wroc\u0142awiu. <!--more-->Za udzia\u0142 w konkursie dziewczynki otrzyma\u0142y pami\u0105tkowe dyplomy oraz nagrody ksi\u0105\u017ckowe. Gratulujemy sukcesu!<\/p>\n","protected":false},"excerpt":{"rendered":"<p>Dziewczynki z grupy IV: Ania i Ola zdoby\u0142y wyr\u00f3\u017cnienie w konkursie plastycznym &#8222;Obraz radosny Pani Wiosny&#8221;, organizowanym przez Przedszkole nr 123 we Wroc\u0142awiu.<\/p>\n","protected":false},"author":186,"featured_media":22199,"comment_status":"closed","ping_status":"open","sticky":false,"template":"","format":"standard","meta":{"ngg_post_thumbnail":0,"footnotes":""},"categories":[8],"tags":[],"class_list":["post-22198","post","type-post","status-publish","format-standard","has-post-thumbnail","hentry","category-wydarzenia","clearfix"],"_links":{"self":[{"href":"https:\/\/przedszkole61.edu.wroclaw.pl\/index.php\/wp-json\/wp\/v2\/posts\/22198","targetHints":{"allow":["GET"]}}],"collection":[{"href":"https:\/\/przedszkole61.edu.wroclaw.pl\/index.php\/wp-json\/wp\/v2\/posts"}],"about":[{"href":"https:\/\/przedszkole61.edu.wroclaw.pl\/index.php\/wp-json\/wp\/v2\/types\/post"}],"author":[{"embeddable":true,"href":"https:\/\/przedszkole61.edu.wroclaw.pl\/index.php\/wp-json\/wp\/v2\/users\/186"}],"replies":[{"embeddable":true,"href":"https:\/\/przedszkole61.edu.wroclaw.pl\/index.php\/wp-json\/wp\/v2\/comments?post=22198"}],"version-history":[{"count":1,"href":"https:\/\/przedszkole61.edu.wroclaw.pl\/index.php\/wp-json\/wp\/v2\/posts\/22198\/revisions"}],"predecessor-version":[{"id":24753,"href":"https:\/\/przedszkole61.edu.wroclaw.pl\/index.php\/wp-json\/wp\/v2\/posts\/22198\/revisions\/24753"}],"wp:featuredmedia":[{"embeddable":true,"href":"https:\/\/przedszkole61.edu.wroclaw.pl\/index.php\/wp-json\/wp\/v2\/media\/22199"}],"wp:attachment":[{"href":"https:\/\/przedszkole61.edu.wroclaw.pl\/index.php\/wp-json\/wp\/v2\/media?parent=22198"}],"wp:term":[{"taxonomy":"category","embeddable":true,"href":"https:\/\/przedszkole61.edu.wroclaw.pl\/index.php\/wp-json\/wp\/v2\/categories?post=22198"},{"taxonomy":"post_tag","embeddable":true,"href":"https:\/\/przedszkole61.edu.wroclaw.pl\/index.php\/wp-json\/wp\/v2\/tags?post=22198"}],"curies":[{"name":"wp","href":"https:\/\/api.w.org\/{rel}","templated":true}]}}