
{"id":22201,"date":"2016-05-18T00:00:00","date_gmt":"2016-05-17T22:00:00","guid":{"rendered":"https:\/\/przedszkole61.edu.wroclaw.pl\/index.php\/2016\/05\/18\/zatancz-z-nami-ii-przeglad-tancow-integracyjnych\/"},"modified":"2021-04-02T13:32:50","modified_gmt":"2021-04-02T11:32:50","slug":"zatancz-z-nami-ii-przeglad-tancow-integracyjnych","status":"publish","type":"post","link":"https:\/\/przedszkole61.edu.wroclaw.pl\/index.php\/2016\/05\/18\/zatancz-z-nami-ii-przeglad-tancow-integracyjnych\/","title":{"rendered":"&#8222;Zata\u0144cz z nami&#8221; &#8211; Przegl\u0105d Ta\u0144c\u00f3w Integracyjnych"},"content":{"rendered":"<p><strong>18 maja 2016<\/strong> dzieci z grupy III reprezentowa\u0142y nasze przedszkole w II Przegl\u0105dzie Ta\u0144c\u00f3w Integracyjnych pt. &#8222;Zata\u0144cz z nami&#8221;, organizowanym przez Przedszkole nr 28 &#8222;Fantazja&#8221;.<!--more-->\u00a0 Przedszkolaki mistrzowsko zata\u0144czy\u0142y &#8222;Walc meksyka\u0144ski&#8221;, zachwycaj\u0105c wszystkich swoimi umiej\u0119tno\u015bciami tanecznymi. Gratulujemy dzieciom wspania\u0142ego wyst\u0119pu!<\/p>\n\n","protected":false},"excerpt":{"rendered":"<p>18 maja 2016 dzieci z grupy III reprezentowa\u0142y nasze przedszkole w II Przegl\u0105dzie Ta\u0144c\u00f3w Integracyjnych pt. &#8222;Zata\u0144cz z nami&#8221;, organizowanym przez Przedszkole nr 28 &#8222;Fantazja&#8221;.<\/p>\n","protected":false},"author":186,"featured_media":22202,"comment_status":"closed","ping_status":"open","sticky":false,"template":"","format":"standard","meta":{"ngg_post_thumbnail":0,"footnotes":""},"categories":[8],"tags":[],"class_list":["post-22201","post","type-post","status-publish","format-standard","has-post-thumbnail","hentry","category-wydarzenia","clearfix"],"_links":{"self":[{"href":"https:\/\/przedszkole61.edu.wroclaw.pl\/index.php\/wp-json\/wp\/v2\/posts\/22201","targetHints":{"allow":["GET"]}}],"collection":[{"href":"https:\/\/przedszkole61.edu.wroclaw.pl\/index.php\/wp-json\/wp\/v2\/posts"}],"about":[{"href":"https:\/\/przedszkole61.edu.wroclaw.pl\/index.php\/wp-json\/wp\/v2\/types\/post"}],"author":[{"embeddable":true,"href":"https:\/\/przedszkole61.edu.wroclaw.pl\/index.php\/wp-json\/wp\/v2\/users\/186"}],"replies":[{"embeddable":true,"href":"https:\/\/przedszkole61.edu.wroclaw.pl\/index.php\/wp-json\/wp\/v2\/comments?post=22201"}],"version-history":[{"count":1,"href":"https:\/\/przedszkole61.edu.wroclaw.pl\/index.php\/wp-json\/wp\/v2\/posts\/22201\/revisions"}],"predecessor-version":[{"id":24754,"href":"https:\/\/przedszkole61.edu.wroclaw.pl\/index.php\/wp-json\/wp\/v2\/posts\/22201\/revisions\/24754"}],"wp:featuredmedia":[{"embeddable":true,"href":"https:\/\/przedszkole61.edu.wroclaw.pl\/index.php\/wp-json\/wp\/v2\/media\/22202"}],"wp:attachment":[{"href":"https:\/\/przedszkole61.edu.wroclaw.pl\/index.php\/wp-json\/wp\/v2\/media?parent=22201"}],"wp:term":[{"taxonomy":"category","embeddable":true,"href":"https:\/\/przedszkole61.edu.wroclaw.pl\/index.php\/wp-json\/wp\/v2\/categories?post=22201"},{"taxonomy":"post_tag","embeddable":true,"href":"https:\/\/przedszkole61.edu.wroclaw.pl\/index.php\/wp-json\/wp\/v2\/tags?post=22201"}],"curies":[{"name":"wp","href":"https:\/\/api.w.org\/{rel}","templated":true}]}}