
{"id":22207,"date":"2016-05-30T00:00:00","date_gmt":"2016-05-29T22:00:00","guid":{"rendered":"https:\/\/przedszkole61.edu.wroclaw.pl\/index.php\/2016\/05\/30\/wycieczka-do-krysztalowic\/"},"modified":"2021-04-02T13:32:50","modified_gmt":"2021-04-02T11:32:50","slug":"wycieczka-do-krysztalowic","status":"publish","type":"post","link":"https:\/\/przedszkole61.edu.wroclaw.pl\/index.php\/2016\/05\/30\/wycieczka-do-krysztalowic\/","title":{"rendered":"Wycieczka do Kryszta\u0142owic"},"content":{"rendered":"<p><strong>30 maja 2016<\/strong> przedszkolaki wybra\u0142y si\u0119 na wycieczk\u0119 autokarow\u0105 do Gospodarstwa Agro &#8211; Art &#8211; Turystycznego w Kryszta\u0142owicach. <!--more-->Weso\u0142e zabawy na \u015bwie\u017cym powietrzu, warsztaty teatralne i plastyczne, nauka chodzenia na szczud\u0142ach, odkrywanie przyrody, ogl\u0105danie dzie\u0142 sztuki i eksponat\u00f3w muzealnych, sprawi\u0142y, \u017ce nie by\u0142o czasu na nud\u0119. Do przedszkola wszyscy wr\u00f3cili\u015bmy w doskona\u0142ych humorach i z pami\u0105tkami, w\u0142asnor\u0119cznie ozdobionymi serduszkami &#8211; technik\u0105 decoupage.<\/p>\n\n","protected":false},"excerpt":{"rendered":"<p>30 maja 2016 przedszkolaki wybra\u0142y si\u0119 na wycieczk\u0119 autokarow\u0105 do Gospodarstwa Agro &#8211; Art &#8211; Turystycznego w Kryszta\u0142owicach.<\/p>\n","protected":false},"author":186,"featured_media":22208,"comment_status":"closed","ping_status":"open","sticky":false,"template":"","format":"standard","meta":{"ngg_post_thumbnail":0,"footnotes":""},"categories":[8],"tags":[],"class_list":["post-22207","post","type-post","status-publish","format-standard","has-post-thumbnail","hentry","category-wydarzenia","clearfix"],"_links":{"self":[{"href":"https:\/\/przedszkole61.edu.wroclaw.pl\/index.php\/wp-json\/wp\/v2\/posts\/22207","targetHints":{"allow":["GET"]}}],"collection":[{"href":"https:\/\/przedszkole61.edu.wroclaw.pl\/index.php\/wp-json\/wp\/v2\/posts"}],"about":[{"href":"https:\/\/przedszkole61.edu.wroclaw.pl\/index.php\/wp-json\/wp\/v2\/types\/post"}],"author":[{"embeddable":true,"href":"https:\/\/przedszkole61.edu.wroclaw.pl\/index.php\/wp-json\/wp\/v2\/users\/186"}],"replies":[{"embeddable":true,"href":"https:\/\/przedszkole61.edu.wroclaw.pl\/index.php\/wp-json\/wp\/v2\/comments?post=22207"}],"version-history":[{"count":1,"href":"https:\/\/przedszkole61.edu.wroclaw.pl\/index.php\/wp-json\/wp\/v2\/posts\/22207\/revisions"}],"predecessor-version":[{"id":24756,"href":"https:\/\/przedszkole61.edu.wroclaw.pl\/index.php\/wp-json\/wp\/v2\/posts\/22207\/revisions\/24756"}],"wp:featuredmedia":[{"embeddable":true,"href":"https:\/\/przedszkole61.edu.wroclaw.pl\/index.php\/wp-json\/wp\/v2\/media\/22208"}],"wp:attachment":[{"href":"https:\/\/przedszkole61.edu.wroclaw.pl\/index.php\/wp-json\/wp\/v2\/media?parent=22207"}],"wp:term":[{"taxonomy":"category","embeddable":true,"href":"https:\/\/przedszkole61.edu.wroclaw.pl\/index.php\/wp-json\/wp\/v2\/categories?post=22207"},{"taxonomy":"post_tag","embeddable":true,"href":"https:\/\/przedszkole61.edu.wroclaw.pl\/index.php\/wp-json\/wp\/v2\/tags?post=22207"}],"curies":[{"name":"wp","href":"https:\/\/api.w.org\/{rel}","templated":true}]}}