
{"id":22219,"date":"2016-06-12T00:00:00","date_gmt":"2016-06-11T22:00:00","guid":{"rendered":"https:\/\/przedszkole61.edu.wroclaw.pl\/index.php\/2016\/06\/12\/czyste-powietrze-wokol-nas\/"},"modified":"2021-04-02T13:32:50","modified_gmt":"2021-04-02T11:32:50","slug":"czyste-powietrze-wokol-nas","status":"publish","type":"post","link":"https:\/\/przedszkole61.edu.wroclaw.pl\/index.php\/2016\/06\/12\/czyste-powietrze-wokol-nas\/","title":{"rendered":"&#8222;Czyste powietrze wok\u00f3\u0142 nas&#8221;"},"content":{"rendered":"<p><strong>W dniach 6. 06. &#8211; 10. 06. 2016<\/strong> w grupie III i IV realizowany by\u0142 program przedszkolnej edukacji antynikotynowej &#8222;Czyste powietrze wok\u00f3\u0142 nas&#8221;. <!--more-->Celem programu by\u0142o zwi\u0119kszenie wiedzy dziecka na temat skutk\u00f3w palenia papieros\u00f3w oraz nabywanie umiej\u0119tno\u015bci radzenia sobie w sytuacjach, gdy przebywaj\u0105 w zadymionych pomieszczeniach lub gdy doro\u015bli pal\u0105 przy nich tyto\u0144. W trakcie realizacji programu, dzieci uczestniczy\u0142y w zaj\u0119ciach edukacyjnych dotycz\u0105cych nast\u0119puj\u0105cych temat\u00f3w: &#8222;Co i dlaczego dymi?&#8221;, &#8222;Jak si\u0119 czuj\u0119, kiedy dymi papieros?&#8221;, &#8222;Co si\u0119 dzieje, kiedy ludzie pal\u0105 papierosy?, &#8222;Jak unika\u0107 dymu papierosowego?&#8221;. Zaj\u0119ciom towarzyszy\u0142a maskotka programu antynikotynowego dinozaur &#8211; Dinek, kt\u00f3ra pomaga\u0142a dzieciom w rozwi\u0105zywaniu zada\u0144 problemowych, uczy\u0142a wsp\u00f3\u0142dzia\u0142ania w zespole, by\u0142a bohaterem historyjki, opowiadania i piosenki. Podczas zaj\u0119\u0107, dzieci m.in.: malowa\u0142y plakaty antynikotynowe, wymy\u015bla\u0142y has\u0142a zach\u0119caj\u0105ce doros\u0142ych do dbania o zdrowie i zerwania z na\u0142ogiem palenia papieros\u00f3w, wykonywa\u0142y \u0107wiczenia oddechowe, relaksacyjne i wizualizacyjne u\u015bwiadamiaj\u0105ce, \u017ce oddychanie \u015bwie\u017cym powietrzem jest zdrowe.<\/p>\n<p>Wprowadzenie wychowania antynikotynowego jako cz\u0119\u015bci wychowania zdrowotnego dla tej grupy wiekowej stanowi pierwsze ogniwo dzia\u0142a\u0144 edukacyjnych na rzecz kszta\u0142towania \u015bwiadomych postaw antynikotynowych u dzieci.<\/p>\n<p>Program zosta\u0142 opracowany przez: Ministerstwo Edukacji Narodowej, Instytut Matki i Dziecka, Pa\u0144stwow\u0105 Inspekcj\u0119 Sanitarn\u0105.<\/p>\n<p><strong>Piosenka o Dinku<\/strong><\/p>\n<p><strong><em>\u017by\u0142 dinozaur, ma\u0142y Dinek, co przyjaci\u00f3\u0142 ma w przedszkolu, na wycieczki chodzi z nami, czasem w lesie, w parku w polu.<\/em><\/strong><\/p>\n<p><strong><em>Ref. Ten zielony Dinek, ten zielony Dinek, nie lubi palaczy, ucieka przed dymem. Papieros to nasz wr\u00f3g, zdrowie zabiera. Nie wolno! To szkodzi! Do\u015b\u0107 tego palenia!<\/em><\/strong><\/p>\n<p><strong><em>Raz si\u0119 wybra\u0142 na wakacje, zaraz poci\u0105g szybko ruszy, a w wagonie pech &#8211; pal\u0105cy, zmieni\u0107 miejsce Dinek musi.<\/em> <\/strong><\/p>\n\n","protected":false},"excerpt":{"rendered":"<p>W dniach 6. 06. &#8211; 10. 06. 2016 w grupie III i IV realizowany by\u0142 program przedszkolnej edukacji antynikotynowej &#8222;Czyste powietrze wok\u00f3\u0142 nas&#8221;.<\/p>\n","protected":false},"author":186,"featured_media":22220,"comment_status":"closed","ping_status":"open","sticky":false,"template":"","format":"standard","meta":{"ngg_post_thumbnail":0,"footnotes":""},"categories":[8],"tags":[],"class_list":["post-22219","post","type-post","status-publish","format-standard","has-post-thumbnail","hentry","category-wydarzenia","clearfix"],"_links":{"self":[{"href":"https:\/\/przedszkole61.edu.wroclaw.pl\/index.php\/wp-json\/wp\/v2\/posts\/22219","targetHints":{"allow":["GET"]}}],"collection":[{"href":"https:\/\/przedszkole61.edu.wroclaw.pl\/index.php\/wp-json\/wp\/v2\/posts"}],"about":[{"href":"https:\/\/przedszkole61.edu.wroclaw.pl\/index.php\/wp-json\/wp\/v2\/types\/post"}],"author":[{"embeddable":true,"href":"https:\/\/przedszkole61.edu.wroclaw.pl\/index.php\/wp-json\/wp\/v2\/users\/186"}],"replies":[{"embeddable":true,"href":"https:\/\/przedszkole61.edu.wroclaw.pl\/index.php\/wp-json\/wp\/v2\/comments?post=22219"}],"version-history":[{"count":1,"href":"https:\/\/przedszkole61.edu.wroclaw.pl\/index.php\/wp-json\/wp\/v2\/posts\/22219\/revisions"}],"predecessor-version":[{"id":24759,"href":"https:\/\/przedszkole61.edu.wroclaw.pl\/index.php\/wp-json\/wp\/v2\/posts\/22219\/revisions\/24759"}],"wp:featuredmedia":[{"embeddable":true,"href":"https:\/\/przedszkole61.edu.wroclaw.pl\/index.php\/wp-json\/wp\/v2\/media\/22220"}],"wp:attachment":[{"href":"https:\/\/przedszkole61.edu.wroclaw.pl\/index.php\/wp-json\/wp\/v2\/media?parent=22219"}],"wp:term":[{"taxonomy":"category","embeddable":true,"href":"https:\/\/przedszkole61.edu.wroclaw.pl\/index.php\/wp-json\/wp\/v2\/categories?post=22219"},{"taxonomy":"post_tag","embeddable":true,"href":"https:\/\/przedszkole61.edu.wroclaw.pl\/index.php\/wp-json\/wp\/v2\/tags?post=22219"}],"curies":[{"name":"wp","href":"https:\/\/api.w.org\/{rel}","templated":true}]}}