
{"id":22241,"date":"2016-09-21T00:00:00","date_gmt":"2016-09-20T22:00:00","guid":{"rendered":"https:\/\/przedszkole61.edu.wroclaw.pl\/index.php\/2016\/09\/21\/wakacyjne-wspomnienia\/"},"modified":"2021-04-02T13:32:50","modified_gmt":"2021-04-02T11:32:50","slug":"wakacyjne-wspomnienia","status":"publish","type":"post","link":"https:\/\/przedszkole61.edu.wroclaw.pl\/index.php\/2016\/09\/21\/wakacyjne-wspomnienia\/","title":{"rendered":"&#8222;Wakacyjne wspomnienia&#8221;"},"content":{"rendered":"<p>&#8222;Wakacyjna przygoda ju\u017c sko\u0144czy\u0142a si\u0119 &#8230; zapami\u0119taj wspomnienia, kt\u00f3re ciesz\u0105 ci\u0119&#8221;. Chocia\u017c pogoda za oknem wakacyjna to zosta\u0142o ju\u017c tylko wspomnienie po letnim odpoczynku. <!--more-->W wakacyjnym k\u0105ciku zgromadzili\u015bmy wiele skarb\u00f3w i pami\u0105tek: poczt\u00f3wki, muszelki, kamyki, szyszki, okr\u0119ty, bilety &#8230; To w\u0142a\u015bnie one sprawi\u0105, \u017ce w ka\u017cdy, nawet pochmurny dzie\u0144, gdy tylko na nie spojrzymy zn\u00f3w za\u015bwieci s\u0142o\u0144ce!<\/p>\n\n","protected":false},"excerpt":{"rendered":"<p>&#8222;Wakacyjna przygoda ju\u017c sko\u0144czy\u0142a si\u0119 &#8230; zapami\u0119taj wspomnienia, kt\u00f3re ciesz\u0105 ci\u0119&#8221;. Chocia\u017c pogoda za oknem wakacyjna to zosta\u0142o ju\u017c tylko wspomnienie po letnim odpoczynku.<\/p>\n","protected":false},"author":186,"featured_media":22242,"comment_status":"closed","ping_status":"open","sticky":false,"template":"","format":"standard","meta":{"ngg_post_thumbnail":0,"footnotes":""},"categories":[8],"tags":[],"class_list":["post-22241","post","type-post","status-publish","format-standard","has-post-thumbnail","hentry","category-wydarzenia","clearfix"],"_links":{"self":[{"href":"https:\/\/przedszkole61.edu.wroclaw.pl\/index.php\/wp-json\/wp\/v2\/posts\/22241","targetHints":{"allow":["GET"]}}],"collection":[{"href":"https:\/\/przedszkole61.edu.wroclaw.pl\/index.php\/wp-json\/wp\/v2\/posts"}],"about":[{"href":"https:\/\/przedszkole61.edu.wroclaw.pl\/index.php\/wp-json\/wp\/v2\/types\/post"}],"author":[{"embeddable":true,"href":"https:\/\/przedszkole61.edu.wroclaw.pl\/index.php\/wp-json\/wp\/v2\/users\/186"}],"replies":[{"embeddable":true,"href":"https:\/\/przedszkole61.edu.wroclaw.pl\/index.php\/wp-json\/wp\/v2\/comments?post=22241"}],"version-history":[{"count":1,"href":"https:\/\/przedszkole61.edu.wroclaw.pl\/index.php\/wp-json\/wp\/v2\/posts\/22241\/revisions"}],"predecessor-version":[{"id":24764,"href":"https:\/\/przedszkole61.edu.wroclaw.pl\/index.php\/wp-json\/wp\/v2\/posts\/22241\/revisions\/24764"}],"wp:featuredmedia":[{"embeddable":true,"href":"https:\/\/przedszkole61.edu.wroclaw.pl\/index.php\/wp-json\/wp\/v2\/media\/22242"}],"wp:attachment":[{"href":"https:\/\/przedszkole61.edu.wroclaw.pl\/index.php\/wp-json\/wp\/v2\/media?parent=22241"}],"wp:term":[{"taxonomy":"category","embeddable":true,"href":"https:\/\/przedszkole61.edu.wroclaw.pl\/index.php\/wp-json\/wp\/v2\/categories?post=22241"},{"taxonomy":"post_tag","embeddable":true,"href":"https:\/\/przedszkole61.edu.wroclaw.pl\/index.php\/wp-json\/wp\/v2\/tags?post=22241"}],"curies":[{"name":"wp","href":"https:\/\/api.w.org\/{rel}","templated":true}]}}