
{"id":22245,"date":"2016-09-21T00:00:00","date_gmt":"2016-09-20T22:00:00","guid":{"rendered":"https:\/\/przedszkole61.edu.wroclaw.pl\/index.php\/2016\/09\/21\/dzien-baniek-mydlanych\/"},"modified":"2021-04-02T13:32:50","modified_gmt":"2021-04-02T11:32:50","slug":"dzien-baniek-mydlanych","status":"publish","type":"post","link":"https:\/\/przedszkole61.edu.wroclaw.pl\/index.php\/2016\/09\/21\/dzien-baniek-mydlanych\/","title":{"rendered":"Dzie\u0144 baniek mydlanych"},"content":{"rendered":"<p>&#8222;Ba\u0144kowo&#8221;, weso\u0142o i kolorowo zrobi\u0142o si\u0119 w naszym ogrodzie. Przedszkolaki robi\u0142y ba\u0144ki mydlane: du\u017ce, ma\u0142e, delikatne, magiczne, t\u0119czowe&#8230; <!--more-->Wspania\u0142e by\u0142o puszczanie baniek, a jeszcze przyjemniejsze gonienie ich i \u0142apanie. By\u0142o du\u017co rado\u015bci i weso\u0142ej zabawy. Dzi\u0119kujemy Mamie Antosia (tegorocznego absolwenta naszego przedszkola), za zestawy do robienia baniek mydlanych.<\/p>\n\n","protected":false},"excerpt":{"rendered":"<p>&#8222;Ba\u0144kowo&#8221;, weso\u0142o i kolorowo zrobi\u0142o si\u0119 w naszym ogrodzie. Przedszkolaki robi\u0142y ba\u0144ki mydlane: du\u017ce, ma\u0142e, delikatne, magiczne, t\u0119czowe&#8230;<\/p>\n","protected":false},"author":186,"featured_media":22246,"comment_status":"closed","ping_status":"open","sticky":false,"template":"","format":"standard","meta":{"ngg_post_thumbnail":0,"footnotes":""},"categories":[8],"tags":[],"class_list":["post-22245","post","type-post","status-publish","format-standard","has-post-thumbnail","hentry","category-wydarzenia","clearfix"],"_links":{"self":[{"href":"https:\/\/przedszkole61.edu.wroclaw.pl\/index.php\/wp-json\/wp\/v2\/posts\/22245","targetHints":{"allow":["GET"]}}],"collection":[{"href":"https:\/\/przedszkole61.edu.wroclaw.pl\/index.php\/wp-json\/wp\/v2\/posts"}],"about":[{"href":"https:\/\/przedszkole61.edu.wroclaw.pl\/index.php\/wp-json\/wp\/v2\/types\/post"}],"author":[{"embeddable":true,"href":"https:\/\/przedszkole61.edu.wroclaw.pl\/index.php\/wp-json\/wp\/v2\/users\/186"}],"replies":[{"embeddable":true,"href":"https:\/\/przedszkole61.edu.wroclaw.pl\/index.php\/wp-json\/wp\/v2\/comments?post=22245"}],"version-history":[{"count":1,"href":"https:\/\/przedszkole61.edu.wroclaw.pl\/index.php\/wp-json\/wp\/v2\/posts\/22245\/revisions"}],"predecessor-version":[{"id":24765,"href":"https:\/\/przedszkole61.edu.wroclaw.pl\/index.php\/wp-json\/wp\/v2\/posts\/22245\/revisions\/24765"}],"wp:featuredmedia":[{"embeddable":true,"href":"https:\/\/przedszkole61.edu.wroclaw.pl\/index.php\/wp-json\/wp\/v2\/media\/22246"}],"wp:attachment":[{"href":"https:\/\/przedszkole61.edu.wroclaw.pl\/index.php\/wp-json\/wp\/v2\/media?parent=22245"}],"wp:term":[{"taxonomy":"category","embeddable":true,"href":"https:\/\/przedszkole61.edu.wroclaw.pl\/index.php\/wp-json\/wp\/v2\/categories?post=22245"},{"taxonomy":"post_tag","embeddable":true,"href":"https:\/\/przedszkole61.edu.wroclaw.pl\/index.php\/wp-json\/wp\/v2\/tags?post=22245"}],"curies":[{"name":"wp","href":"https:\/\/api.w.org\/{rel}","templated":true}]}}