
{"id":22261,"date":"2016-10-21T00:00:00","date_gmt":"2016-10-20T22:00:00","guid":{"rendered":"https:\/\/przedszkole61.edu.wroclaw.pl\/index.php\/2016\/10\/21\/to-my-mali-wspaniali\/"},"modified":"2021-04-02T13:32:52","modified_gmt":"2021-04-02T11:32:52","slug":"to-my-mali-wspaniali","status":"publish","type":"post","link":"https:\/\/przedszkole61.edu.wroclaw.pl\/index.php\/2016\/10\/21\/to-my-mali-wspaniali\/","title":{"rendered":"To MY &#8211; &#8222;Mali Wspaniali&#8221;"},"content":{"rendered":"<p><strong>21 pa\u017adziernika 2016<\/strong> rozpocz\u0119\u0142y si\u0119 w przedszkolu zaj\u0119cia sportowe dla dzieci 5 i 6 letnich w ramach Wroc\u0142awskiego Programu &#8222;Mali Wspaniali&#8221;.<!--more--> Podczas zaj\u0119\u0107, kt\u00f3re prowadzi\u0142 sensei Kuba, dzieci pozna\u0142y ceremonia\u0142 treningu karate, rozci\u0105ga\u0142y mi\u0119\u015bnie i wydawa\u0142y g\u0142o\u015bne okrzyki. Na zaj\u0119ciach panowa\u0142a sportowa dyscyplina i prawdziwy duch walki karate.<\/p>\n<p>Zaj\u0119cia w ramach programu &#8222;Mali Wspaniali&#8221;, b\u0119d\u0105 si\u0119 odbywa\u0142y w naszym przedszkolu <strong>do czerwca 2017,<\/strong> <strong>raz w tygodniu &#8211; w<\/strong> <strong>pi\u0105tek, w godzinach 9.30. -10.30,\u00a0 w dw\u00f3ch grupach wiekowych (zaj\u0119cia s\u0105 bezp\u0142atne).<\/strong> Zaj\u0119cia b\u0119d\u0105 zawiera\u0142y nie tylko elementy karate tradycyjnego, ale r\u00f3wnie\u017c \u0107wiczenia og\u00f3lnorozwojowe &#8211; w formie zabawowej i improwizacji ruchowej, maj\u0105ce za zadanie popraw\u0119 cech motorycznych ma\u0142ych karatek\u00f3w.<\/p>\n\n","protected":false},"excerpt":{"rendered":"<p>21 pa\u017adziernika 2016 rozpocz\u0119\u0142y si\u0119 w przedszkolu zaj\u0119cia sportowe dla dzieci 5 i 6 letnich w ramach Wroc\u0142awskiego Programu &#8222;Mali Wspaniali&#8221;.<\/p>\n","protected":false},"author":186,"featured_media":22262,"comment_status":"closed","ping_status":"open","sticky":false,"template":"","format":"standard","meta":{"ngg_post_thumbnail":0,"footnotes":""},"categories":[8],"tags":[],"class_list":["post-22261","post","type-post","status-publish","format-standard","has-post-thumbnail","hentry","category-wydarzenia","clearfix"],"_links":{"self":[{"href":"https:\/\/przedszkole61.edu.wroclaw.pl\/index.php\/wp-json\/wp\/v2\/posts\/22261","targetHints":{"allow":["GET"]}}],"collection":[{"href":"https:\/\/przedszkole61.edu.wroclaw.pl\/index.php\/wp-json\/wp\/v2\/posts"}],"about":[{"href":"https:\/\/przedszkole61.edu.wroclaw.pl\/index.php\/wp-json\/wp\/v2\/types\/post"}],"author":[{"embeddable":true,"href":"https:\/\/przedszkole61.edu.wroclaw.pl\/index.php\/wp-json\/wp\/v2\/users\/186"}],"replies":[{"embeddable":true,"href":"https:\/\/przedszkole61.edu.wroclaw.pl\/index.php\/wp-json\/wp\/v2\/comments?post=22261"}],"version-history":[{"count":1,"href":"https:\/\/przedszkole61.edu.wroclaw.pl\/index.php\/wp-json\/wp\/v2\/posts\/22261\/revisions"}],"predecessor-version":[{"id":24769,"href":"https:\/\/przedszkole61.edu.wroclaw.pl\/index.php\/wp-json\/wp\/v2\/posts\/22261\/revisions\/24769"}],"wp:featuredmedia":[{"embeddable":true,"href":"https:\/\/przedszkole61.edu.wroclaw.pl\/index.php\/wp-json\/wp\/v2\/media\/22262"}],"wp:attachment":[{"href":"https:\/\/przedszkole61.edu.wroclaw.pl\/index.php\/wp-json\/wp\/v2\/media?parent=22261"}],"wp:term":[{"taxonomy":"category","embeddable":true,"href":"https:\/\/przedszkole61.edu.wroclaw.pl\/index.php\/wp-json\/wp\/v2\/categories?post=22261"},{"taxonomy":"post_tag","embeddable":true,"href":"https:\/\/przedszkole61.edu.wroclaw.pl\/index.php\/wp-json\/wp\/v2\/tags?post=22261"}],"curies":[{"name":"wp","href":"https:\/\/api.w.org\/{rel}","templated":true}]}}