
{"id":22269,"date":"2016-10-28T00:00:00","date_gmt":"2016-10-27T22:00:00","guid":{"rendered":"https:\/\/przedszkole61.edu.wroclaw.pl\/index.php\/2016\/10\/28\/usmiechniety-swiat-zuzi-i-felka\/"},"modified":"2021-04-02T13:32:52","modified_gmt":"2021-04-02T11:32:52","slug":"usmiechniety-swiat-zuzi-i-felka","status":"publish","type":"post","link":"https:\/\/przedszkole61.edu.wroclaw.pl\/index.php\/2016\/10\/28\/usmiechniety-swiat-zuzi-i-felka\/","title":{"rendered":"&#8222;Zdrowe z\u0105bki&#8221;"},"content":{"rendered":"<p><strong>27 pa\u017adziernika 2016 <\/strong>odby\u0142o si\u0119 spotkanie z lekarzem stomatologiem pani\u0105 Izabel\u0105 Tokarz, w ramach realizacji VI edycji programu Profilaktyka pr\u00f3chnicy z\u0119b\u00f3w u dzieci w wieku przedszkolnym &#8222;U\u015bmiechni\u0119ty \u015awiat Zuzi i Felka&#8221;. <!--more-->Pani doktor na modelu szcz\u0119ki zademonstrowa\u0142a prawid\u0142owy spos\u00f3b mycia z\u0119b\u00f3w, przypomnia\u0142a dzieciom, \u017ce z\u0105bki powinny by\u0107 czyszczone po ka\u017cdym posi\u0142ku lub przynajmniej rano i wieczorem. Zach\u0119ca\u0142a dzieci do spo\u017cywania warzyw i owoc\u00f3w, chrupania surowej marchewki i zjadania sur\u00f3wek. Podczas spotkania przedszkolaki obejrza\u0142y prezentacj\u0119 multimedialn\u0105 \u00a0\u201eZdrowy z\u0105bek\u201d.<\/p>\n<p><span style=\"text-decoration: underline;\"><strong>Pani doktor przypomina: <\/strong><strong>rodzice powinni my\u0107 z\u0119by swoim dzieciom<\/strong><strong> do 6 roku \u017cycia; oko\u0142o 7 roku \u017cycia dziecko osi\u0105ga sprawno\u015b\u0107 manualn\u0105 i mo\u017ce my\u0107 z\u0119by samodzielnie ale pod kontrol\u0105 rodzica!<\/strong><\/span><\/p>\n<p><strong>Pani Izabela Tokarz, stomatologiczny opiekun dzieci naszego przedszkola, wykonuje zabiegi profilaktyczno \u2013 lecznicze, w gabinecie przy ul. Powsta\u0144c\u00f3w \u015al\u0105skich 118 p. 4, po uprzedniej telefonicznej rejestracji. Serdecznie zapraszamy wszystkie przedszkolaki do wizyty w gabinecie pani doktor wsp\u00f3lnie z mam\u0105 i tat\u0105.<\/strong><\/p>\n\n","protected":false},"excerpt":{"rendered":"<p>27 pa\u017adziernika 2016 odby\u0142o si\u0119 spotkanie z lekarzem stomatologiem pani\u0105 Izabel\u0105 Tokarz, w ramach realizacji VI edycji programu Profilaktyka pr\u00f3chnicy z\u0119b\u00f3w u dzieci w wieku przedszkolnym &#8222;U\u015bmiechni\u0119ty \u015awiat Zuzi i [&hellip;]<\/p>\n","protected":false},"author":186,"featured_media":22270,"comment_status":"closed","ping_status":"open","sticky":false,"template":"","format":"standard","meta":{"ngg_post_thumbnail":0,"footnotes":""},"categories":[8],"tags":[],"class_list":["post-22269","post","type-post","status-publish","format-standard","has-post-thumbnail","hentry","category-wydarzenia","clearfix"],"_links":{"self":[{"href":"https:\/\/przedszkole61.edu.wroclaw.pl\/index.php\/wp-json\/wp\/v2\/posts\/22269","targetHints":{"allow":["GET"]}}],"collection":[{"href":"https:\/\/przedszkole61.edu.wroclaw.pl\/index.php\/wp-json\/wp\/v2\/posts"}],"about":[{"href":"https:\/\/przedszkole61.edu.wroclaw.pl\/index.php\/wp-json\/wp\/v2\/types\/post"}],"author":[{"embeddable":true,"href":"https:\/\/przedszkole61.edu.wroclaw.pl\/index.php\/wp-json\/wp\/v2\/users\/186"}],"replies":[{"embeddable":true,"href":"https:\/\/przedszkole61.edu.wroclaw.pl\/index.php\/wp-json\/wp\/v2\/comments?post=22269"}],"version-history":[{"count":1,"href":"https:\/\/przedszkole61.edu.wroclaw.pl\/index.php\/wp-json\/wp\/v2\/posts\/22269\/revisions"}],"predecessor-version":[{"id":24771,"href":"https:\/\/przedszkole61.edu.wroclaw.pl\/index.php\/wp-json\/wp\/v2\/posts\/22269\/revisions\/24771"}],"wp:featuredmedia":[{"embeddable":true,"href":"https:\/\/przedszkole61.edu.wroclaw.pl\/index.php\/wp-json\/wp\/v2\/media\/22270"}],"wp:attachment":[{"href":"https:\/\/przedszkole61.edu.wroclaw.pl\/index.php\/wp-json\/wp\/v2\/media?parent=22269"}],"wp:term":[{"taxonomy":"category","embeddable":true,"href":"https:\/\/przedszkole61.edu.wroclaw.pl\/index.php\/wp-json\/wp\/v2\/categories?post=22269"},{"taxonomy":"post_tag","embeddable":true,"href":"https:\/\/przedszkole61.edu.wroclaw.pl\/index.php\/wp-json\/wp\/v2\/tags?post=22269"}],"curies":[{"name":"wp","href":"https:\/\/api.w.org\/{rel}","templated":true}]}}