
{"id":22277,"date":"2016-11-21T00:00:00","date_gmt":"2016-11-20T23:00:00","guid":{"rendered":"https:\/\/przedszkole61.edu.wroclaw.pl\/index.php\/2016\/11\/21\/viii-festiwal-zdrowia\/"},"modified":"2021-04-02T13:32:52","modified_gmt":"2021-04-02T11:32:52","slug":"viii-festiwal-zdrowia","status":"publish","type":"post","link":"https:\/\/przedszkole61.edu.wroclaw.pl\/index.php\/2016\/11\/21\/viii-festiwal-zdrowia\/","title":{"rendered":"VIII Festiwal Zdrowia"},"content":{"rendered":"<p><strong>21 listopada 2016<\/strong> w naszym przedszkolu odby\u0142y si\u0119 mi\u0119dzyprzedszkolne zawody sportowe w ramach VIII edycji Festiwalu Zdrowia, organizowanego pod patronatem Wroc\u0142awskiej Sieci Przedszkoli i Szk\u00f3\u0142 Promuj\u0105cych Zdrowie. <!--more-->VIII Festiwal Zdrowia rozpocz\u0105\u0142 si\u0119 uroczystym przeci\u0119ciem wst\u0119gi przez pani\u0105 dyrektor &#8211; Danut\u0119 Misiewicz. W zawodach sportowych wzi\u0119\u0142y udzia\u0142 dwie dru\u017cyny: gospodarzy &#8211; &#8222;Gajowickie Skrzaty&#8221; z grupy IV oraz go\u015bci &#8211; dzieci z Przedszkola nr 4. Wszystkie przedszkolaki wykaza\u0142y si\u0119 du\u017c\u0105 sprawno\u015bci\u0105 fizyczn\u0105, przestrzega\u0142y zasad zdrowej rywalizacji i wspaniale si\u0119 bawi\u0142y. VIII Festiwal Zdrowia zako\u0144czy\u0142 si\u0119 wr\u0119czeniem puchar\u00f3w i dyplom\u00f3w. By\u0142o weso\u0142o, zdrowo i bardzo sportowo.<\/p>\n\n<p>\u00a0<\/p>\n","protected":false},"excerpt":{"rendered":"<p>21 listopada 2016 w naszym przedszkolu odby\u0142y si\u0119 mi\u0119dzyprzedszkolne zawody sportowe w ramach VIII edycji Festiwalu Zdrowia, organizowanego pod patronatem Wroc\u0142awskiej Sieci Przedszkoli i Szk\u00f3\u0142 Promuj\u0105cych Zdrowie.<\/p>\n","protected":false},"author":186,"featured_media":22278,"comment_status":"closed","ping_status":"open","sticky":false,"template":"","format":"standard","meta":{"ngg_post_thumbnail":0,"footnotes":""},"categories":[8],"tags":[],"class_list":["post-22277","post","type-post","status-publish","format-standard","has-post-thumbnail","hentry","category-wydarzenia","clearfix"],"_links":{"self":[{"href":"https:\/\/przedszkole61.edu.wroclaw.pl\/index.php\/wp-json\/wp\/v2\/posts\/22277","targetHints":{"allow":["GET"]}}],"collection":[{"href":"https:\/\/przedszkole61.edu.wroclaw.pl\/index.php\/wp-json\/wp\/v2\/posts"}],"about":[{"href":"https:\/\/przedszkole61.edu.wroclaw.pl\/index.php\/wp-json\/wp\/v2\/types\/post"}],"author":[{"embeddable":true,"href":"https:\/\/przedszkole61.edu.wroclaw.pl\/index.php\/wp-json\/wp\/v2\/users\/186"}],"replies":[{"embeddable":true,"href":"https:\/\/przedszkole61.edu.wroclaw.pl\/index.php\/wp-json\/wp\/v2\/comments?post=22277"}],"version-history":[{"count":1,"href":"https:\/\/przedszkole61.edu.wroclaw.pl\/index.php\/wp-json\/wp\/v2\/posts\/22277\/revisions"}],"predecessor-version":[{"id":24773,"href":"https:\/\/przedszkole61.edu.wroclaw.pl\/index.php\/wp-json\/wp\/v2\/posts\/22277\/revisions\/24773"}],"wp:featuredmedia":[{"embeddable":true,"href":"https:\/\/przedszkole61.edu.wroclaw.pl\/index.php\/wp-json\/wp\/v2\/media\/22278"}],"wp:attachment":[{"href":"https:\/\/przedszkole61.edu.wroclaw.pl\/index.php\/wp-json\/wp\/v2\/media?parent=22277"}],"wp:term":[{"taxonomy":"category","embeddable":true,"href":"https:\/\/przedszkole61.edu.wroclaw.pl\/index.php\/wp-json\/wp\/v2\/categories?post=22277"},{"taxonomy":"post_tag","embeddable":true,"href":"https:\/\/przedszkole61.edu.wroclaw.pl\/index.php\/wp-json\/wp\/v2\/tags?post=22277"}],"curies":[{"name":"wp","href":"https:\/\/api.w.org\/{rel}","templated":true}]}}