
{"id":22281,"date":"2016-11-25T00:00:00","date_gmt":"2016-11-24T23:00:00","guid":{"rendered":"https:\/\/przedszkole61.edu.wroclaw.pl\/index.php\/2016\/11\/25\/jak-dyzio-stracil-zdrowie-teatrzyk-w-przedszkolu\/"},"modified":"2021-04-02T13:32:52","modified_gmt":"2021-04-02T11:32:52","slug":"jak-dyzio-stracil-zdrowie-teatrzyk-w-przedszkolu","status":"publish","type":"post","link":"https:\/\/przedszkole61.edu.wroclaw.pl\/index.php\/2016\/11\/25\/jak-dyzio-stracil-zdrowie-teatrzyk-w-przedszkolu\/","title":{"rendered":"&#8222;Jak Dyzio straci\u0142 zdrowie?&#8221;"},"content":{"rendered":"<p><strong>25 listopada 2016<\/strong> dzieci obejrza\u0142y przedstawienie pt. &#8222;Jak Dyzio straci\u0142 zdrowie?&#8221;, w wykonaniu aktor\u00f3w Teatru Herbi z Leszna. <!--more-->Cho\u0107 wszyscy \u015bwietnie si\u0119 bawili, temat przestawienia by\u0142 powa\u017cny. G\u0142\u00f3wny bohater &#8211; Dyzio, bardzo rzadko u\u017cywa\u0142 myd\u0142a, szczotki, pasty do z\u0119b\u00f3w i nabawi\u0142 si\u0119 z tego powodu choroby. Przedszkolaki u\u015bwiadomi\u0142y mu, \u017ce trzeba dba\u0107 o higien\u0119, by by\u0107 czystym, zadbanym i zdrowym. Dzi\u0119ki temu Dyzio po tym, jak szybko straci\u0142 zdrowie, jeszcze szybciej je odzyska\u0142.<\/p>\n\n","protected":false},"excerpt":{"rendered":"<p>25 listopada 2016 dzieci obejrza\u0142y przedstawienie pt. &#8222;Jak Dyzio straci\u0142 zdrowie?&#8221;, w wykonaniu aktor\u00f3w Teatru Herbi z Leszna.<\/p>\n","protected":false},"author":186,"featured_media":22282,"comment_status":"closed","ping_status":"open","sticky":false,"template":"","format":"standard","meta":{"ngg_post_thumbnail":0,"footnotes":""},"categories":[8],"tags":[],"class_list":["post-22281","post","type-post","status-publish","format-standard","has-post-thumbnail","hentry","category-wydarzenia","clearfix"],"_links":{"self":[{"href":"https:\/\/przedszkole61.edu.wroclaw.pl\/index.php\/wp-json\/wp\/v2\/posts\/22281","targetHints":{"allow":["GET"]}}],"collection":[{"href":"https:\/\/przedszkole61.edu.wroclaw.pl\/index.php\/wp-json\/wp\/v2\/posts"}],"about":[{"href":"https:\/\/przedszkole61.edu.wroclaw.pl\/index.php\/wp-json\/wp\/v2\/types\/post"}],"author":[{"embeddable":true,"href":"https:\/\/przedszkole61.edu.wroclaw.pl\/index.php\/wp-json\/wp\/v2\/users\/186"}],"replies":[{"embeddable":true,"href":"https:\/\/przedszkole61.edu.wroclaw.pl\/index.php\/wp-json\/wp\/v2\/comments?post=22281"}],"version-history":[{"count":1,"href":"https:\/\/przedszkole61.edu.wroclaw.pl\/index.php\/wp-json\/wp\/v2\/posts\/22281\/revisions"}],"predecessor-version":[{"id":24774,"href":"https:\/\/przedszkole61.edu.wroclaw.pl\/index.php\/wp-json\/wp\/v2\/posts\/22281\/revisions\/24774"}],"wp:featuredmedia":[{"embeddable":true,"href":"https:\/\/przedszkole61.edu.wroclaw.pl\/index.php\/wp-json\/wp\/v2\/media\/22282"}],"wp:attachment":[{"href":"https:\/\/przedszkole61.edu.wroclaw.pl\/index.php\/wp-json\/wp\/v2\/media?parent=22281"}],"wp:term":[{"taxonomy":"category","embeddable":true,"href":"https:\/\/przedszkole61.edu.wroclaw.pl\/index.php\/wp-json\/wp\/v2\/categories?post=22281"},{"taxonomy":"post_tag","embeddable":true,"href":"https:\/\/przedszkole61.edu.wroclaw.pl\/index.php\/wp-json\/wp\/v2\/tags?post=22281"}],"curies":[{"name":"wp","href":"https:\/\/api.w.org\/{rel}","templated":true}]}}