
{"id":22283,"date":"2016-11-25T00:00:00","date_gmt":"2016-11-24T23:00:00","guid":{"rendered":"https:\/\/przedszkole61.edu.wroclaw.pl\/index.php\/2016\/11\/25\/odwiedziny-absolwentow\/"},"modified":"2021-04-02T13:32:52","modified_gmt":"2021-04-02T11:32:52","slug":"odwiedziny-absolwentow","status":"publish","type":"post","link":"https:\/\/przedszkole61.edu.wroclaw.pl\/index.php\/2016\/11\/25\/odwiedziny-absolwentow\/","title":{"rendered":"Odwiedziny absolwent\u00f3w"},"content":{"rendered":"<p>Lena i Zuzia to tegoroczne absolwentki naszego przedszkola. Cho\u0107 s\u0105 ju\u017c uczennicami I klasy Szko\u0142y Podstawowej, czasem t\u0119skni\u0105 za naszym przedszkolem. <!--more-->Wizyta dziewczynek bardzo ucieszy\u0142a dzieci z grupy V. Pierwszoklasistki dzieli\u0142y si\u0119 swoimi prze\u017cyciami i wra\u017ceniami ze szko\u0142y; pokazywa\u0142y zeszyty, ksi\u0105\u017cki, pi\u00f3rnik. Ka\u017cdy przedszkolak obowi\u0105zkowo przymierzy\u0142 plecak pierwszoklasisty. By\u0142 te\u017c czas na weso\u0142e zabawy i wspomnienia. To by\u0142o wspania\u0142e spotkanie &#8230; bo fajne spotka\u0107 si\u0119 z tymi, z kt\u00f3rymi sp\u0119dzili\u015bmy kilka lat na wsp\u00f3lnych zabawach, rozmowach, wycieczkach i uroczysto\u015bciach. Kochani absolwenci, dzi\u0119kujemy za to, \u017ce o nas pami\u0119tacie. \u017byczymy wam sukces\u00f3w i samych radosnych chwil w szkole.<\/p>\n\n","protected":false},"excerpt":{"rendered":"<p>Lena i Zuzia to tegoroczne absolwentki naszego przedszkola. Cho\u0107 s\u0105 ju\u017c uczennicami I klasy Szko\u0142y Podstawowej, czasem t\u0119skni\u0105 za naszym przedszkolem.<\/p>\n","protected":false},"author":186,"featured_media":22284,"comment_status":"closed","ping_status":"open","sticky":false,"template":"","format":"standard","meta":{"ngg_post_thumbnail":0,"footnotes":""},"categories":[8],"tags":[],"class_list":["post-22283","post","type-post","status-publish","format-standard","has-post-thumbnail","hentry","category-wydarzenia","clearfix"],"_links":{"self":[{"href":"https:\/\/przedszkole61.edu.wroclaw.pl\/index.php\/wp-json\/wp\/v2\/posts\/22283","targetHints":{"allow":["GET"]}}],"collection":[{"href":"https:\/\/przedszkole61.edu.wroclaw.pl\/index.php\/wp-json\/wp\/v2\/posts"}],"about":[{"href":"https:\/\/przedszkole61.edu.wroclaw.pl\/index.php\/wp-json\/wp\/v2\/types\/post"}],"author":[{"embeddable":true,"href":"https:\/\/przedszkole61.edu.wroclaw.pl\/index.php\/wp-json\/wp\/v2\/users\/186"}],"replies":[{"embeddable":true,"href":"https:\/\/przedszkole61.edu.wroclaw.pl\/index.php\/wp-json\/wp\/v2\/comments?post=22283"}],"version-history":[{"count":1,"href":"https:\/\/przedszkole61.edu.wroclaw.pl\/index.php\/wp-json\/wp\/v2\/posts\/22283\/revisions"}],"predecessor-version":[{"id":24775,"href":"https:\/\/przedszkole61.edu.wroclaw.pl\/index.php\/wp-json\/wp\/v2\/posts\/22283\/revisions\/24775"}],"wp:featuredmedia":[{"embeddable":true,"href":"https:\/\/przedszkole61.edu.wroclaw.pl\/index.php\/wp-json\/wp\/v2\/media\/22284"}],"wp:attachment":[{"href":"https:\/\/przedszkole61.edu.wroclaw.pl\/index.php\/wp-json\/wp\/v2\/media?parent=22283"}],"wp:term":[{"taxonomy":"category","embeddable":true,"href":"https:\/\/przedszkole61.edu.wroclaw.pl\/index.php\/wp-json\/wp\/v2\/categories?post=22283"},{"taxonomy":"post_tag","embeddable":true,"href":"https:\/\/przedszkole61.edu.wroclaw.pl\/index.php\/wp-json\/wp\/v2\/tags?post=22283"}],"curies":[{"name":"wp","href":"https:\/\/api.w.org\/{rel}","templated":true}]}}