
{"id":22287,"date":"2016-12-02T00:00:00","date_gmt":"2016-12-01T23:00:00","guid":{"rendered":"https:\/\/przedszkole61.edu.wroclaw.pl\/index.php\/2016\/12\/02\/zyje-zdrowo-w-zgodzie-z-przyroda\/"},"modified":"2021-04-02T13:32:52","modified_gmt":"2021-04-02T11:32:52","slug":"zyje-zdrowo-w-zgodzie-z-przyroda","status":"publish","type":"post","link":"https:\/\/przedszkole61.edu.wroclaw.pl\/index.php\/2016\/12\/02\/zyje-zdrowo-w-zgodzie-z-przyroda\/","title":{"rendered":"&#8222;\u017byj\u0119 zdrowo w zgodzie z przyrod\u0105&#8221;"},"content":{"rendered":"<p><strong>W dniach 28. 11. &#8211; 2. 12. 2016<\/strong> odby\u0142a si\u0119 w przedszkolu kampania prozdrowotna &#8222;\u017byj\u0119 zdrowo w zgodzie z przyrod\u0105&#8221;. <!--more--><strong>Cel kampanii: promowanie zdrowego stylu \u017cycia i zachowa\u0144 proekologicznych. W trakcie kampanii, dzieci m. in.:<\/strong><\/p>\n<ul>\n<li><strong>pozna\u0142y zasady segregacji odpad\u00f3w<\/strong><\/li>\n<\/ul>\n\n<ul>\n<li><strong>przeprowadza\u0142y eksperymenty i do\u015bwiadczenia z wod\u0105<\/strong><\/li>\n<\/ul>\n\n<ul>\n<li><strong>s\u0142ucha\u0142y bajek i opowiada\u0144 o tematyce ekologicznej<\/strong><\/li>\n<\/ul>\n\n<ul>\n<li><strong>w strojach wykonanych z surowc\u00f3w wt\u00f3rnych weso\u0142o bawi\u0142y si\u0119 na &#8222;Wielkim Balu Ekologicznym&#8221;<\/strong><\/li>\n<li><strong>bra\u0142y udzia\u0142 w rodzinnym konkursie plastycznym &#8222;\u017byj\u0119 zdrowo w zgodzie z przyrod\u0105&#8221;. W konkursie wzi\u0119\u0142o udzia\u0142 31 dzieci. Komisja konkursowa, w sk\u0142adzie: dyr Danuta Misiewicz, Halina Marecka &#8211; nauczyciel grupy IV (koordynator promocji zdrowia w przedszkolu), Urszula Mulik &#8211; nauczyciel grupy III, przyzna\u0142a: 3 r\u00f3wnorz\u0119dne miejsca I, II i III, 12 wyr\u00f3\u017cnie\u0144 oraz upominki i dyplomy dla wszystkich dzieci bior\u0105cych udzia\u0142 w konkursie. Gratulujemy i dzi\u0119kujemy za udzia\u0142 w konkursie.<br \/>\n<\/strong><\/li>\n<\/ul>\n\n<ul>\n<li><strong>podczas zabawy plastycznej wykona\u0142y &#8222;Eko &#8211; torby&#8221;<\/strong><\/li>\n<\/ul>\n<p><strong>Dzi\u0119kujemy Rodzicom za pomoc w realizacji kampanii prozdrowotnej.<\/strong><\/p>\n","protected":false},"excerpt":{"rendered":"<p>W dniach 28. 11. &#8211; 2. 12. 2016 odby\u0142a si\u0119 w przedszkolu kampania prozdrowotna &#8222;\u017byj\u0119 zdrowo w zgodzie z przyrod\u0105&#8221;.<\/p>\n","protected":false},"author":186,"featured_media":22288,"comment_status":"closed","ping_status":"open","sticky":false,"template":"","format":"standard","meta":{"ngg_post_thumbnail":0,"footnotes":""},"categories":[8],"tags":[],"class_list":["post-22287","post","type-post","status-publish","format-standard","has-post-thumbnail","hentry","category-wydarzenia","clearfix"],"_links":{"self":[{"href":"https:\/\/przedszkole61.edu.wroclaw.pl\/index.php\/wp-json\/wp\/v2\/posts\/22287","targetHints":{"allow":["GET"]}}],"collection":[{"href":"https:\/\/przedszkole61.edu.wroclaw.pl\/index.php\/wp-json\/wp\/v2\/posts"}],"about":[{"href":"https:\/\/przedszkole61.edu.wroclaw.pl\/index.php\/wp-json\/wp\/v2\/types\/post"}],"author":[{"embeddable":true,"href":"https:\/\/przedszkole61.edu.wroclaw.pl\/index.php\/wp-json\/wp\/v2\/users\/186"}],"replies":[{"embeddable":true,"href":"https:\/\/przedszkole61.edu.wroclaw.pl\/index.php\/wp-json\/wp\/v2\/comments?post=22287"}],"version-history":[{"count":1,"href":"https:\/\/przedszkole61.edu.wroclaw.pl\/index.php\/wp-json\/wp\/v2\/posts\/22287\/revisions"}],"predecessor-version":[{"id":24776,"href":"https:\/\/przedszkole61.edu.wroclaw.pl\/index.php\/wp-json\/wp\/v2\/posts\/22287\/revisions\/24776"}],"wp:featuredmedia":[{"embeddable":true,"href":"https:\/\/przedszkole61.edu.wroclaw.pl\/index.php\/wp-json\/wp\/v2\/media\/22288"}],"wp:attachment":[{"href":"https:\/\/przedszkole61.edu.wroclaw.pl\/index.php\/wp-json\/wp\/v2\/media?parent=22287"}],"wp:term":[{"taxonomy":"category","embeddable":true,"href":"https:\/\/przedszkole61.edu.wroclaw.pl\/index.php\/wp-json\/wp\/v2\/categories?post=22287"},{"taxonomy":"post_tag","embeddable":true,"href":"https:\/\/przedszkole61.edu.wroclaw.pl\/index.php\/wp-json\/wp\/v2\/tags?post=22287"}],"curies":[{"name":"wp","href":"https:\/\/api.w.org\/{rel}","templated":true}]}}