
{"id":22352,"date":"2016-12-09T00:00:00","date_gmt":"2016-12-08T23:00:00","guid":{"rendered":"https:\/\/przedszkole61.edu.wroclaw.pl\/index.php\/2016\/12\/09\/wycieczka-do-radia-wroclaw\/"},"modified":"2021-04-02T13:32:52","modified_gmt":"2021-04-02T11:32:52","slug":"wycieczka-do-radia-wroclaw","status":"publish","type":"post","link":"https:\/\/przedszkole61.edu.wroclaw.pl\/index.php\/2016\/12\/09\/wycieczka-do-radia-wroclaw\/","title":{"rendered":"Wycieczka do Radia Wroc\u0142aw"},"content":{"rendered":"<p><strong>9 grudnia 2016<\/strong> przedszkolaki z grupy: III, IV i V wybra\u0142y si\u0119 na wycieczk\u0119 do Radia Wroc\u0142aw przy ulicy Karkonoskiej. <!--more-->Dzieci, zwiedzi\u0142y ca\u0142\u0105 siedzib\u0119 radia: sal\u0119 koncertow\u0105, studio radiowe, archiwum oraz Muzeum Radia. W studiu nagraniowym zasiad\u0142y w fotelu przed mikrofonem, udzielaj\u0105c kr\u00f3tkiego wywiadu; nagra\u0142y te\u017c swoj\u0105 ulubion\u0105 piosenk\u0119. Na zako\u0144czenie wycieczki wpisa\u0142y si\u0119 do &#8222;Wielkiej Ksi\u0119gi Pami\u0105tkowej&#8221;. To by\u0142a wspania\u0142a przygoda z radiem, a mo\u017ce pocz\u0105tek radiowej kariery &#8230;?<\/p>\n\n","protected":false},"excerpt":{"rendered":"<p>9 grudnia 2016 przedszkolaki z grupy: III, IV i V wybra\u0142y si\u0119 na wycieczk\u0119 do Radia Wroc\u0142aw przy ulicy Karkonoskiej.<\/p>\n","protected":false},"author":186,"featured_media":22353,"comment_status":"closed","ping_status":"open","sticky":false,"template":"","format":"standard","meta":{"ngg_post_thumbnail":0,"footnotes":""},"categories":[8],"tags":[],"class_list":["post-22352","post","type-post","status-publish","format-standard","has-post-thumbnail","hentry","category-wydarzenia","clearfix"],"_links":{"self":[{"href":"https:\/\/przedszkole61.edu.wroclaw.pl\/index.php\/wp-json\/wp\/v2\/posts\/22352","targetHints":{"allow":["GET"]}}],"collection":[{"href":"https:\/\/przedszkole61.edu.wroclaw.pl\/index.php\/wp-json\/wp\/v2\/posts"}],"about":[{"href":"https:\/\/przedszkole61.edu.wroclaw.pl\/index.php\/wp-json\/wp\/v2\/types\/post"}],"author":[{"embeddable":true,"href":"https:\/\/przedszkole61.edu.wroclaw.pl\/index.php\/wp-json\/wp\/v2\/users\/186"}],"replies":[{"embeddable":true,"href":"https:\/\/przedszkole61.edu.wroclaw.pl\/index.php\/wp-json\/wp\/v2\/comments?post=22352"}],"version-history":[{"count":1,"href":"https:\/\/przedszkole61.edu.wroclaw.pl\/index.php\/wp-json\/wp\/v2\/posts\/22352\/revisions"}],"predecessor-version":[{"id":24779,"href":"https:\/\/przedszkole61.edu.wroclaw.pl\/index.php\/wp-json\/wp\/v2\/posts\/22352\/revisions\/24779"}],"wp:featuredmedia":[{"embeddable":true,"href":"https:\/\/przedszkole61.edu.wroclaw.pl\/index.php\/wp-json\/wp\/v2\/media\/22353"}],"wp:attachment":[{"href":"https:\/\/przedszkole61.edu.wroclaw.pl\/index.php\/wp-json\/wp\/v2\/media?parent=22352"}],"wp:term":[{"taxonomy":"category","embeddable":true,"href":"https:\/\/przedszkole61.edu.wroclaw.pl\/index.php\/wp-json\/wp\/v2\/categories?post=22352"},{"taxonomy":"post_tag","embeddable":true,"href":"https:\/\/przedszkole61.edu.wroclaw.pl\/index.php\/wp-json\/wp\/v2\/tags?post=22352"}],"curies":[{"name":"wp","href":"https:\/\/api.w.org\/{rel}","templated":true}]}}