
{"id":22367,"date":"2016-12-22T00:00:00","date_gmt":"2016-12-21T23:00:00","guid":{"rendered":"https:\/\/przedszkole61.edu.wroclaw.pl\/index.php\/2016\/12\/22\/tektura-i-papier\/"},"modified":"2021-04-02T13:32:53","modified_gmt":"2021-04-02T11:32:53","slug":"tektura-i-papier","status":"publish","type":"post","link":"https:\/\/przedszkole61.edu.wroclaw.pl\/index.php\/2016\/12\/22\/tektura-i-papier\/","title":{"rendered":"&#8222;Tektura i papier&#8221;"},"content":{"rendered":"<p><strong>22 grudnia 2016<\/strong> dzieci z grupy I i II uczestniczy\u0142y w warsztatach plastycznych pt. &#8222;Tektura i papier&#8221;. Warsztaty prowadzi\u0142a pani Katarzyna Bury &#8211; psycholog, pedagog, animator kultury.<!--more--> Celem warsztat\u00f3w by\u0142o rozwijanie kompetencji przestrzennych oraz \u015bwiadomo\u015bci estetycznej. Warsztaty zosta\u0142y zrealizowane w ramach projektu &#8222;Szko\u0142a w mie\u015bcie&#8221;.<\/p>\n\n","protected":false},"excerpt":{"rendered":"<p>22 grudnia 2016 dzieci z grupy I i II uczestniczy\u0142y w warsztatach plastycznych pt. &#8222;Tektura i papier&#8221;. Warsztaty prowadzi\u0142a pani Katarzyna Bury &#8211; psycholog, pedagog, animator kultury.<\/p>\n","protected":false},"author":186,"featured_media":22368,"comment_status":"closed","ping_status":"open","sticky":false,"template":"","format":"standard","meta":{"ngg_post_thumbnail":0,"footnotes":""},"categories":[8],"tags":[],"class_list":["post-22367","post","type-post","status-publish","format-standard","has-post-thumbnail","hentry","category-wydarzenia","clearfix"],"_links":{"self":[{"href":"https:\/\/przedszkole61.edu.wroclaw.pl\/index.php\/wp-json\/wp\/v2\/posts\/22367","targetHints":{"allow":["GET"]}}],"collection":[{"href":"https:\/\/przedszkole61.edu.wroclaw.pl\/index.php\/wp-json\/wp\/v2\/posts"}],"about":[{"href":"https:\/\/przedszkole61.edu.wroclaw.pl\/index.php\/wp-json\/wp\/v2\/types\/post"}],"author":[{"embeddable":true,"href":"https:\/\/przedszkole61.edu.wroclaw.pl\/index.php\/wp-json\/wp\/v2\/users\/186"}],"replies":[{"embeddable":true,"href":"https:\/\/przedszkole61.edu.wroclaw.pl\/index.php\/wp-json\/wp\/v2\/comments?post=22367"}],"version-history":[{"count":1,"href":"https:\/\/przedszkole61.edu.wroclaw.pl\/index.php\/wp-json\/wp\/v2\/posts\/22367\/revisions"}],"predecessor-version":[{"id":24782,"href":"https:\/\/przedszkole61.edu.wroclaw.pl\/index.php\/wp-json\/wp\/v2\/posts\/22367\/revisions\/24782"}],"wp:featuredmedia":[{"embeddable":true,"href":"https:\/\/przedszkole61.edu.wroclaw.pl\/index.php\/wp-json\/wp\/v2\/media\/22368"}],"wp:attachment":[{"href":"https:\/\/przedszkole61.edu.wroclaw.pl\/index.php\/wp-json\/wp\/v2\/media?parent=22367"}],"wp:term":[{"taxonomy":"category","embeddable":true,"href":"https:\/\/przedszkole61.edu.wroclaw.pl\/index.php\/wp-json\/wp\/v2\/categories?post=22367"},{"taxonomy":"post_tag","embeddable":true,"href":"https:\/\/przedszkole61.edu.wroclaw.pl\/index.php\/wp-json\/wp\/v2\/tags?post=22367"}],"curies":[{"name":"wp","href":"https:\/\/api.w.org\/{rel}","templated":true}]}}