
{"id":22379,"date":"2017-02-01T00:00:00","date_gmt":"2017-01-31T23:00:00","guid":{"rendered":"https:\/\/przedszkole61.edu.wroclaw.pl\/index.php\/2017\/02\/01\/lepimy-balwanka\/"},"modified":"2021-04-02T13:32:53","modified_gmt":"2021-04-02T11:32:53","slug":"lepimy-balwanka","status":"publish","type":"post","link":"https:\/\/przedszkole61.edu.wroclaw.pl\/index.php\/2017\/02\/01\/lepimy-balwanka\/","title":{"rendered":"Lepimy ba\u0142wanka!"},"content":{"rendered":"<p>Takiego pi\u0119knego ba\u0142wanka ulepi\u0142y &#8222;Maluszki&#8221;. Ba\u0142wanka podziwia\u0142y wszystkie przedszkolaki. Ka\u017cdy chcia\u0142 sobie z nim zrobi\u0107 pami\u0105tkowe zdj\u0119cie. <!--more-->Starszaki te\u017c postanowi\u0142y ulepi\u0107 swojego ba\u0142wanka, a nawet kilka ba\u0142wank\u00f3w. Szybko zabra\u0142y si\u0119 do pracy: lepi\u0142y i toczy\u0142y kule, wsp\u00f3lnie je uk\u0142ada\u0142y jedna na drugiej, a na koniec ozdabia\u0142y. Zabawa by\u0142a wspania\u0142a i w nied\u0142ugim czasie powsta\u0142a ba\u0142wankowa rodzinka. Mamy nadziej\u0119, \u017ce zimowa aura b\u0119dzie \u0142askawa i nowi mieszka\u0144cy przedszkolnego ogr\u00f3dka pozostan\u0105 tam jak najd\u0142u\u017cej.<\/p>\n\n","protected":false},"excerpt":{"rendered":"<p>Takiego pi\u0119knego ba\u0142wanka ulepi\u0142y &#8222;Maluszki&#8221;. Ba\u0142wanka podziwia\u0142y wszystkie przedszkolaki. Ka\u017cdy chcia\u0142 sobie z nim zrobi\u0107 pami\u0105tkowe zdj\u0119cie.<\/p>\n","protected":false},"author":186,"featured_media":22380,"comment_status":"closed","ping_status":"open","sticky":false,"template":"","format":"standard","meta":{"ngg_post_thumbnail":0,"footnotes":""},"categories":[8],"tags":[],"class_list":["post-22379","post","type-post","status-publish","format-standard","has-post-thumbnail","hentry","category-wydarzenia","clearfix"],"_links":{"self":[{"href":"https:\/\/przedszkole61.edu.wroclaw.pl\/index.php\/wp-json\/wp\/v2\/posts\/22379","targetHints":{"allow":["GET"]}}],"collection":[{"href":"https:\/\/przedszkole61.edu.wroclaw.pl\/index.php\/wp-json\/wp\/v2\/posts"}],"about":[{"href":"https:\/\/przedszkole61.edu.wroclaw.pl\/index.php\/wp-json\/wp\/v2\/types\/post"}],"author":[{"embeddable":true,"href":"https:\/\/przedszkole61.edu.wroclaw.pl\/index.php\/wp-json\/wp\/v2\/users\/186"}],"replies":[{"embeddable":true,"href":"https:\/\/przedszkole61.edu.wroclaw.pl\/index.php\/wp-json\/wp\/v2\/comments?post=22379"}],"version-history":[{"count":1,"href":"https:\/\/przedszkole61.edu.wroclaw.pl\/index.php\/wp-json\/wp\/v2\/posts\/22379\/revisions"}],"predecessor-version":[{"id":24785,"href":"https:\/\/przedszkole61.edu.wroclaw.pl\/index.php\/wp-json\/wp\/v2\/posts\/22379\/revisions\/24785"}],"wp:featuredmedia":[{"embeddable":true,"href":"https:\/\/przedszkole61.edu.wroclaw.pl\/index.php\/wp-json\/wp\/v2\/media\/22380"}],"wp:attachment":[{"href":"https:\/\/przedszkole61.edu.wroclaw.pl\/index.php\/wp-json\/wp\/v2\/media?parent=22379"}],"wp:term":[{"taxonomy":"category","embeddable":true,"href":"https:\/\/przedszkole61.edu.wroclaw.pl\/index.php\/wp-json\/wp\/v2\/categories?post=22379"},{"taxonomy":"post_tag","embeddable":true,"href":"https:\/\/przedszkole61.edu.wroclaw.pl\/index.php\/wp-json\/wp\/v2\/tags?post=22379"}],"curies":[{"name":"wp","href":"https:\/\/api.w.org\/{rel}","templated":true}]}}