
{"id":22389,"date":"2017-02-10T00:00:00","date_gmt":"2017-02-09T23:00:00","guid":{"rendered":"https:\/\/przedszkole61.edu.wroclaw.pl\/index.php\/2017\/02\/10\/przygody-krasnala-paczka\/"},"modified":"2021-04-02T13:32:53","modified_gmt":"2021-04-02T11:32:53","slug":"przygody-krasnala-paczka","status":"publish","type":"post","link":"https:\/\/przedszkole61.edu.wroclaw.pl\/index.php\/2017\/02\/10\/przygody-krasnala-paczka\/","title":{"rendered":"&#8222;Przygody krasnala P\u0105czka&#8221;"},"content":{"rendered":"<p><strong>10 lutego 2017<\/strong> przedszkolaki obejrza\u0142y przedstawienie pt. &#8222;Przygody krasnala P\u0105czka&#8221;, w wykonaniu aktor\u00f3w Teatru Art Re z Krakowa. <!--more-->Krasnal P\u0105czek by\u0142 wielkim \u0142akomczuchem; objada\u0142 si\u0119 p\u0105czkami, cukierkami i ciasteczkami. Za nic mia\u0142 gimnastyk\u0119 i zdrowe od\u017cywianie. Dzieci, razem z czarodziejem Felkiem, pomog\u0142y krasnalowi ustali\u0107 zasady zdrowego trybu \u017cycia. Bajkowa scenografia, barwne stroje, zabawne dialogi i piosenki sprawi\u0142y, \u017ce przedszkolaki z wielkim zainteresowaniem \u015bledzi\u0142y losy bohatera.<\/p>\n\n","protected":false},"excerpt":{"rendered":"<p>10 lutego 2017 przedszkolaki obejrza\u0142y przedstawienie pt. &#8222;Przygody krasnala P\u0105czka&#8221;, w wykonaniu aktor\u00f3w Teatru Art Re z Krakowa.<\/p>\n","protected":false},"author":186,"featured_media":22390,"comment_status":"closed","ping_status":"open","sticky":false,"template":"","format":"standard","meta":{"ngg_post_thumbnail":0,"footnotes":""},"categories":[8],"tags":[],"class_list":["post-22389","post","type-post","status-publish","format-standard","has-post-thumbnail","hentry","category-wydarzenia","clearfix"],"_links":{"self":[{"href":"https:\/\/przedszkole61.edu.wroclaw.pl\/index.php\/wp-json\/wp\/v2\/posts\/22389","targetHints":{"allow":["GET"]}}],"collection":[{"href":"https:\/\/przedszkole61.edu.wroclaw.pl\/index.php\/wp-json\/wp\/v2\/posts"}],"about":[{"href":"https:\/\/przedszkole61.edu.wroclaw.pl\/index.php\/wp-json\/wp\/v2\/types\/post"}],"author":[{"embeddable":true,"href":"https:\/\/przedszkole61.edu.wroclaw.pl\/index.php\/wp-json\/wp\/v2\/users\/186"}],"replies":[{"embeddable":true,"href":"https:\/\/przedszkole61.edu.wroclaw.pl\/index.php\/wp-json\/wp\/v2\/comments?post=22389"}],"version-history":[{"count":1,"href":"https:\/\/przedszkole61.edu.wroclaw.pl\/index.php\/wp-json\/wp\/v2\/posts\/22389\/revisions"}],"predecessor-version":[{"id":24788,"href":"https:\/\/przedszkole61.edu.wroclaw.pl\/index.php\/wp-json\/wp\/v2\/posts\/22389\/revisions\/24788"}],"wp:featuredmedia":[{"embeddable":true,"href":"https:\/\/przedszkole61.edu.wroclaw.pl\/index.php\/wp-json\/wp\/v2\/media\/22390"}],"wp:attachment":[{"href":"https:\/\/przedszkole61.edu.wroclaw.pl\/index.php\/wp-json\/wp\/v2\/media?parent=22389"}],"wp:term":[{"taxonomy":"category","embeddable":true,"href":"https:\/\/przedszkole61.edu.wroclaw.pl\/index.php\/wp-json\/wp\/v2\/categories?post=22389"},{"taxonomy":"post_tag","embeddable":true,"href":"https:\/\/przedszkole61.edu.wroclaw.pl\/index.php\/wp-json\/wp\/v2\/tags?post=22389"}],"curies":[{"name":"wp","href":"https:\/\/api.w.org\/{rel}","templated":true}]}}