
{"id":22404,"date":"2017-03-11T00:00:00","date_gmt":"2017-03-10T23:00:00","guid":{"rendered":"https:\/\/przedszkole61.edu.wroclaw.pl\/index.php\/2017\/03\/11\/sportowa-pasja-emilki\/"},"modified":"2021-04-02T13:32:54","modified_gmt":"2021-04-02T11:32:54","slug":"sportowa-pasja-emilki","status":"publish","type":"post","link":"https:\/\/przedszkole61.edu.wroclaw.pl\/index.php\/2017\/03\/11\/sportowa-pasja-emilki\/","title":{"rendered":"Sportowa pasja Emilki"},"content":{"rendered":"<p><strong>Emilka z grupy V<\/strong> to pasjonatka sportu i aktywnego trybu \u017cycia. Jej talenty sportowe s\u0105 naprawd\u0119 wszechstronne; Emilka szybko biega i p\u0142ywa. Uwielbia zaj\u0119cia sportowe: karate i gimnastyk\u0119 og\u00f3lnorozwojow\u0105. <!--more-->Emilka reprezentowa\u0142a nasze przedszkole w IV zawodach w p\u0142ywaniu &#8222;W\u0142adcy Wody&#8221; (stycze\u0144 2017), oraz w Biegu Dzieci\u0119cym, organizowanym przez Fundacj\u0119 Wroactiv (marzec 2017).<\/p>\n<p><strong>Emilko &#8211; Gratulujemy wspania\u0142ej pasji i przygody ze sportem! Czekamy na kolejne wyzwania sportowe, sukcesy i medale.<\/strong><\/p>\n\n","protected":false},"excerpt":{"rendered":"<p>Emilka z grupy V to pasjonatka sportu i aktywnego trybu \u017cycia. Jej talenty sportowe s\u0105 naprawd\u0119 wszechstronne; Emilka szybko biega i p\u0142ywa. Uwielbia zaj\u0119cia sportowe: karate i gimnastyk\u0119 og\u00f3lnorozwojow\u0105.<\/p>\n","protected":false},"author":186,"featured_media":22405,"comment_status":"closed","ping_status":"open","sticky":false,"template":"","format":"standard","meta":{"ngg_post_thumbnail":0,"footnotes":""},"categories":[8],"tags":[],"class_list":["post-22404","post","type-post","status-publish","format-standard","has-post-thumbnail","hentry","category-wydarzenia","clearfix"],"_links":{"self":[{"href":"https:\/\/przedszkole61.edu.wroclaw.pl\/index.php\/wp-json\/wp\/v2\/posts\/22404","targetHints":{"allow":["GET"]}}],"collection":[{"href":"https:\/\/przedszkole61.edu.wroclaw.pl\/index.php\/wp-json\/wp\/v2\/posts"}],"about":[{"href":"https:\/\/przedszkole61.edu.wroclaw.pl\/index.php\/wp-json\/wp\/v2\/types\/post"}],"author":[{"embeddable":true,"href":"https:\/\/przedszkole61.edu.wroclaw.pl\/index.php\/wp-json\/wp\/v2\/users\/186"}],"replies":[{"embeddable":true,"href":"https:\/\/przedszkole61.edu.wroclaw.pl\/index.php\/wp-json\/wp\/v2\/comments?post=22404"}],"version-history":[{"count":1,"href":"https:\/\/przedszkole61.edu.wroclaw.pl\/index.php\/wp-json\/wp\/v2\/posts\/22404\/revisions"}],"predecessor-version":[{"id":24792,"href":"https:\/\/przedszkole61.edu.wroclaw.pl\/index.php\/wp-json\/wp\/v2\/posts\/22404\/revisions\/24792"}],"wp:featuredmedia":[{"embeddable":true,"href":"https:\/\/przedszkole61.edu.wroclaw.pl\/index.php\/wp-json\/wp\/v2\/media\/22405"}],"wp:attachment":[{"href":"https:\/\/przedszkole61.edu.wroclaw.pl\/index.php\/wp-json\/wp\/v2\/media?parent=22404"}],"wp:term":[{"taxonomy":"category","embeddable":true,"href":"https:\/\/przedszkole61.edu.wroclaw.pl\/index.php\/wp-json\/wp\/v2\/categories?post=22404"},{"taxonomy":"post_tag","embeddable":true,"href":"https:\/\/przedszkole61.edu.wroclaw.pl\/index.php\/wp-json\/wp\/v2\/tags?post=22404"}],"curies":[{"name":"wp","href":"https:\/\/api.w.org\/{rel}","templated":true}]}}